{"id":82325,"date":"2025-02-06T21:59:07","date_gmt":"2025-02-07T00:59:07","guid":{"rendered":"https:\/\/vocesparalelas.com.ar\/sitio\/?p=82325"},"modified":"2025-02-07T19:36:08","modified_gmt":"2025-02-07T22:36:08","slug":"alejarse-no-es-sano-algunas-ideas-para-pensar-la-importancia-de-la-cooperacion-sanitaria","status":"publish","type":"post","link":"https:\/\/vocesparalelas.com.ar\/sitio\/alejarse-no-es-sano-algunas-ideas-para-pensar-la-importancia-de-la-cooperacion-sanitaria\/","title":{"rendered":"Alejarse no es sano. Algunas ideas para pensar la importancia de la cooperaci\u00f3n\u00a0sanitaria"},"content":{"rendered":"<header class=\"entry-header\">Por el Dr. Marcos Ibarra<\/p>\n<p class=\"entry-title\"><span style=\"font-size: 16px;\">A la luz de las m\u00faltiples funciones y logros hist\u00f3ricos de la Organizaci\u00f3n Mundial de la Salud &#8211; OMS , el reciente alejamiento del Gobierno argentino de este organismo plantea serias preocupaciones desde el punto de vista jur\u00eddico internacional, de salud p\u00fablica y de derechos humanos.<\/span><\/p>\n<\/header>\n<div class=\"entry-content\">\n<p>La OMS es la m\u00e1xima autoridad mundial en materia de pol\u00edticas y directrices para mejorar la salud, estableciendo normas sanitarias, liderando la agenda de investigaciones, articulando pol\u00edticas basadas en evidencia y brindando apoyo t\u00e9cnico a los pa\u00edses. Entre sus logros se destacan la erradicaci\u00f3n de la viruela en 1980, la reducci\u00f3n casi total de la poliomielitis y la consolidaci\u00f3n de programas de vacunaci\u00f3n que previenen entre 3 y 3,5 millones de muertes anuales.<\/p>\n<p>En un mundo globalizado en el que la salud no tiene fronteras, la OMS act\u00faa como un puente esencial para la cooperaci\u00f3n internacional. Mediante instrumentos como el Reglamento Sanitario Internacional &#8211; RSI &#8211; y, en la actualidad, la elaboraci\u00f3n de un nuevo acuerdo mundial sobre pandemias, la organizaci\u00f3n ha establecido un marco normativo que obliga a los Estados a colaborar para prevenir y controlar riesgos sanitarios que trascienden fronteras.<\/p>\n<p>Adem\u00e1s, iniciativas como el Convenio Marco para el Control del Tabaco y el Programa Ampliado de Inmunizaci\u00f3n han contribuido a mejorar la calidad de vida de millones de personas, garantizando el acceso a medicamentos de calidad, la protecci\u00f3n ante emergencias sanitarias y la promoci\u00f3n de pr\u00e1cticas saludables.<\/p>\n<p>Desde una perspectiva jur\u00eddica, la participaci\u00f3n en organismos multilaterales como la OMS constituye una obligaci\u00f3n impl\u00edcita para los Estados comprometidos con la protecci\u00f3n del derecho de la salud, reconocido en m\u00faltiples instrumentos internacionales. El distanciamiento de Argentina de la OMS podr\u00eda interpretarse como una renuncia a mecanismos de cooperaci\u00f3n esenciales, lo que afecta no solo la capacidad del pa\u00eds para adoptar pol\u00edticas basadas en evidencia, sino tambi\u00e9n el cumplimiento de sus compromisos internacionales en materia de derechos humanos.<\/p>\n<p>La falta de alineaci\u00f3n con las directrices y recomendaciones internacionales debilita el principio de solidaridad y la capacidad de respuesta ante emergencias sanitarias, poniendo en riesgo la protecci\u00f3n de la salud de la poblaci\u00f3n.<\/p>\n<p>En el \u00e1mbito de la salud p\u00fablica, la experiencia acumulada por la OMS es insustituible para cualquier naci\u00f3n. Su intervenci\u00f3n en 87 emergencias sanitarias entre 2020 y 2021, su liderazgo en la respuesta a crisis como la pandemia de COVID-19 y su compromiso en la lucha contra amenazas emergentes, como la resistencia a antimicrobianos, evidencian la importancia de contar con una estrategia coordinada a nivel global.<\/p>\n<p>Asimismo, la promoci\u00f3n de pol\u00edticas integrales frente al cambio clim\u00e1tico, considerado la mayor amenaza para la salud en la actualidad, refuerza la necesidad de colaboraci\u00f3n internacional para mitigar riesgos ambientales y garantizar entornos saludables.<\/p>\n<p>En definitiva, en un mundo donde la salud trasciende fronteras y donde la cooperaci\u00f3n internacional ha sido clave para erradicar enfermedades mortales y mejorar la calidad de vida, el alejamiento de la OMS resulta contraproducente.<\/p>\n<p>El distanciamiento podr\u00eda aislar a Argentina de importantes debates cient\u00edficos y de pol\u00edticas sanitarias internacionales, lo que, en un contexto de crisis o emergencias, repercutir\u00eda negativamente en la capacidad del Estado para responder de manera oportuna y eficaz. La falta de alineaci\u00f3n con est\u00e1ndares y recomendaciones internacionales puede, adem\u00e1s, conducir a una fragmentaci\u00f3n de la pol\u00edtica sanitaria interna y a la adopci\u00f3n de medidas menos efectivas, afectando de forma directa la salud de la poblaci\u00f3n.<\/p>\n<p>Reconsiderar esta postura y restablecer un compromiso activo con la organizaci\u00f3n es una necesidad imperiosa para garantizar la protecci\u00f3n del derecho de la salud, fortalecer la respuesta ante emergencias y asegurar que las pol\u00edticas sanitarias est\u00e9n siempre fundamentadas en la mejor evidencia cient\u00edfica disponible. Solo a trav\u00e9s de la colaboraci\u00f3n global se podr\u00e1 avanzar hacia un futuro en el que cada ciudadano cuente con las garant\u00edas de una atenci\u00f3n sanitaria de calidad y el acceso a los recursos que permiten enfrentar los desaf\u00edos del siglo XXI.<\/p>\n<p>&nbsp;<\/p>\n<\/div>\n<p><img loading=\"lazy\" decoding=\"async\" class=\"alignnone size-full wp-image-28080\" src=\"https:\/\/vocesparalelas.com.ar\/sitio\/wp-content\/uploads\/2020\/05\/MANOS-ADULTOS.jpg\" alt=\"\" width=\"800\" height=\"435\" srcset=\"https:\/\/vocesparalelas.com.ar\/sitio\/wp-content\/uploads\/2020\/05\/MANOS-ADULTOS.jpg 800w, https:\/\/vocesparalelas.com.ar\/sitio\/wp-content\/uploads\/2020\/05\/MANOS-ADULTOS-300x163.jpg 300w, https:\/\/vocesparalelas.com.ar\/sitio\/wp-content\/uploads\/2020\/05\/MANOS-ADULTOS-768x418.jpg 768w\" sizes=\"auto, (max-width: 800px) 100vw, 800px\" \/><\/p>\n<p>&nbsp;<\/p>\n","protected":false},"excerpt":{"rendered":"<p>Por el Dr. Marcos Ibarra A la luz de las m\u00faltiples funciones y logros hist\u00f3ricos de la Organizaci\u00f3n Mundial de<\/p>\n","protected":false},"author":3,"featured_media":63996,"comment_status":"closed","ping_status":"closed","sticky":false,"template":"","format":"standard","meta":{"_acf_changed":false,"_seopress_robots_primary_cat":"none","_seopress_titles_title":"","_seopress_titles_desc":"","_seopress_robots_index":"","colormag_page_container_layout":"default_layout","colormag_page_sidebar_layout":"default_layout","footnotes":""},"categories":[10],"tags":[],"class_list":["post-82325","post","type-post","status-publish","format-standard","has-post-thumbnail","hentry","category-opiniones"],"acf":[],"_links":{"self":[{"href":"https:\/\/vocesparalelas.com.ar\/sitio\/wp-json\/wp\/v2\/posts\/82325","targetHints":{"allow":["GET"]}}],"collection":[{"href":"https:\/\/vocesparalelas.com.ar\/sitio\/wp-json\/wp\/v2\/posts"}],"about":[{"href":"https:\/\/vocesparalelas.com.ar\/sitio\/wp-json\/wp\/v2\/types\/post"}],"author":[{"embeddable":true,"href":"https:\/\/vocesparalelas.com.ar\/sitio\/wp-json\/wp\/v2\/users\/3"}],"replies":[{"embeddable":true,"href":"https:\/\/vocesparalelas.com.ar\/sitio\/wp-json\/wp\/v2\/comments?post=82325"}],"version-history":[{"count":3,"href":"https:\/\/vocesparalelas.com.ar\/sitio\/wp-json\/wp\/v2\/posts\/82325\/revisions"}],"predecessor-version":[{"id":82380,"href":"https:\/\/vocesparalelas.com.ar\/sitio\/wp-json\/wp\/v2\/posts\/82325\/revisions\/82380"}],"wp:featuredmedia":[{"embeddable":true,"href":"https:\/\/vocesparalelas.com.ar\/sitio\/wp-json\/wp\/v2\/media\/63996"}],"wp:attachment":[{"href":"https:\/\/vocesparalelas.com.ar\/sitio\/wp-json\/wp\/v2\/media?parent=82325"}],"wp:term":[{"taxonomy":"category","embeddable":true,"href":"https:\/\/vocesparalelas.com.ar\/sitio\/wp-json\/wp\/v2\/categories?post=82325"},{"taxonomy":"post_tag","embeddable":true,"href":"https:\/\/vocesparalelas.com.ar\/sitio\/wp-json\/wp\/v2\/tags?post=82325"}],"curies":[{"name":"wp","href":"https:\/\/api.w.org\/{rel}","templated":true}]}}