{"id":82321,"date":"2025-02-06T21:46:15","date_gmt":"2025-02-07T00:46:15","guid":{"rendered":"https:\/\/vocesparalelas.com.ar\/sitio\/?p=82321"},"modified":"2025-02-14T13:16:11","modified_gmt":"2025-02-14T16:16:11","slug":"214-aniversario-del-natalicio-de-domingo-faustino-sarmiento-en-casa-natal-en-san-juan","status":"publish","type":"post","link":"https:\/\/vocesparalelas.com.ar\/sitio\/214-aniversario-del-natalicio-de-domingo-faustino-sarmiento-en-casa-natal-en-san-juan\/","title":{"rendered":"214\u00b0 Aniversario del Natalicio de Domingo Faustino Sarmiento en Casa Natal en San Juan"},"content":{"rendered":"<p>En el A\u00f1o de la Reconstrucci\u00f3n de la Naci\u00f3n Argentina, el Museo y Biblioteca Casa Natal de Sarmiento invita a la comunidad a conmemorar el 214\u00b0 Aniversario del natalicio de Domingo Faustino Sarmiento, una de las figuras m\u00e1s influyentes de la historia argentina.<\/p>\n<p><img loading=\"lazy\" decoding=\"async\" class=\"alignnone size-large wp-image-25888\" src=\"https:\/\/vocesparalelas.com.ar\/sitio\/wp-content\/uploads\/2019\/12\/CASA-SARMIENTO-20-800x600.jpg\" alt=\"\" width=\"800\" height=\"600\" srcset=\"https:\/\/vocesparalelas.com.ar\/sitio\/wp-content\/uploads\/2019\/12\/CASA-SARMIENTO-20.jpg 800w, https:\/\/vocesparalelas.com.ar\/sitio\/wp-content\/uploads\/2019\/12\/CASA-SARMIENTO-20-300x225.jpg 300w, https:\/\/vocesparalelas.com.ar\/sitio\/wp-content\/uploads\/2019\/12\/CASA-SARMIENTO-20-768x576.jpg 768w\" sizes=\"auto, (max-width: 800px) 100vw, 800px\" \/><\/p>\n<p>Desde el 14 de Febrero, el museo rinde homenaje a su legado y a su impacto en la construcci\u00f3n del pa\u00eds. A trav\u00e9s de diversas actividades, Casa Natal se viste de fiesta para recordar la trascendencia de Sarmiento, quien contribuy\u00f3 a la transformaci\u00f3n social y al progreso nacional.<\/p>\n<figure id=\"attachment_73698\" aria-describedby=\"caption-attachment-73698\" style=\"width: 800px\" class=\"wp-caption alignnone\"><img loading=\"lazy\" decoding=\"async\" class=\"size-full wp-image-73698\" src=\"https:\/\/vocesparalelas.com.ar\/sitio\/wp-content\/uploads\/2024\/06\/MyBCNS-PERSONAL.jpg\" alt=\"\" width=\"800\" height=\"527\" srcset=\"https:\/\/vocesparalelas.com.ar\/sitio\/wp-content\/uploads\/2024\/06\/MyBCNS-PERSONAL.jpg 800w, https:\/\/vocesparalelas.com.ar\/sitio\/wp-content\/uploads\/2024\/06\/MyBCNS-PERSONAL-300x198.jpg 300w, https:\/\/vocesparalelas.com.ar\/sitio\/wp-content\/uploads\/2024\/06\/MyBCNS-PERSONAL-768x506.jpg 768w\" sizes=\"auto, (max-width: 800px) 100vw, 800px\" \/><figcaption id=\"caption-attachment-73698\" class=\"wp-caption-text\">Personal del Museo y Biblioteca de la Casa Natal de Sarmiento en San Juan<\/figcaption><\/figure>\n<p>Por ello, invitan a ser parte del homenaje en la casa que lo vio nacer, donde su historia sigue viva en cada rinc\u00f3n.<\/p>\n<p><img loading=\"lazy\" decoding=\"async\" class=\"alignnone size-full wp-image-41746\" src=\"https:\/\/vocesparalelas.com.ar\/sitio\/wp-content\/uploads\/2021\/09\/CASA-SARMIENTO-FRENTE-01.jpg\" alt=\"\" width=\"800\" height=\"533\" srcset=\"https:\/\/vocesparalelas.com.ar\/sitio\/wp-content\/uploads\/2021\/09\/CASA-SARMIENTO-FRENTE-01.jpg 800w, https:\/\/vocesparalelas.com.ar\/sitio\/wp-content\/uploads\/2021\/09\/CASA-SARMIENTO-FRENTE-01-300x200.jpg 300w, https:\/\/vocesparalelas.com.ar\/sitio\/wp-content\/uploads\/2021\/09\/CASA-SARMIENTO-FRENTE-01-768x512.jpg 768w\" sizes=\"auto, (max-width: 800px) 100vw, 800px\" \/><\/p>\n","protected":false},"excerpt":{"rendered":"<p>En el A\u00f1o de la Reconstrucci\u00f3n de la Naci\u00f3n Argentina, el Museo y Biblioteca Casa Natal de Sarmiento invita a<\/p>\n","protected":false},"author":3,"featured_media":52452,"comment_status":"closed","ping_status":"closed","sticky":false,"template":"","format":"standard","meta":{"_acf_changed":false,"_seopress_robots_primary_cat":"none","_seopress_titles_title":"","_seopress_titles_desc":"","_seopress_robots_index":"","colormag_page_container_layout":"default_layout","colormag_page_sidebar_layout":"default_layout","footnotes":""},"categories":[20],"tags":[],"class_list":["post-82321","post","type-post","status-publish","format-standard","has-post-thumbnail","hentry","category-cartelera"],"acf":[],"_links":{"self":[{"href":"https:\/\/vocesparalelas.com.ar\/sitio\/wp-json\/wp\/v2\/posts\/82321","targetHints":{"allow":["GET"]}}],"collection":[{"href":"https:\/\/vocesparalelas.com.ar\/sitio\/wp-json\/wp\/v2\/posts"}],"about":[{"href":"https:\/\/vocesparalelas.com.ar\/sitio\/wp-json\/wp\/v2\/types\/post"}],"author":[{"embeddable":true,"href":"https:\/\/vocesparalelas.com.ar\/sitio\/wp-json\/wp\/v2\/users\/3"}],"replies":[{"embeddable":true,"href":"https:\/\/vocesparalelas.com.ar\/sitio\/wp-json\/wp\/v2\/comments?post=82321"}],"version-history":[{"count":3,"href":"https:\/\/vocesparalelas.com.ar\/sitio\/wp-json\/wp\/v2\/posts\/82321\/revisions"}],"predecessor-version":[{"id":82628,"href":"https:\/\/vocesparalelas.com.ar\/sitio\/wp-json\/wp\/v2\/posts\/82321\/revisions\/82628"}],"wp:featuredmedia":[{"embeddable":true,"href":"https:\/\/vocesparalelas.com.ar\/sitio\/wp-json\/wp\/v2\/media\/52452"}],"wp:attachment":[{"href":"https:\/\/vocesparalelas.com.ar\/sitio\/wp-json\/wp\/v2\/media?parent=82321"}],"wp:term":[{"taxonomy":"category","embeddable":true,"href":"https:\/\/vocesparalelas.com.ar\/sitio\/wp-json\/wp\/v2\/categories?post=82321"},{"taxonomy":"post_tag","embeddable":true,"href":"https:\/\/vocesparalelas.com.ar\/sitio\/wp-json\/wp\/v2\/tags?post=82321"}],"curies":[{"name":"wp","href":"https:\/\/api.w.org\/{rel}","templated":true}]}}