{"id":82290,"date":"2025-02-05T23:16:50","date_gmt":"2025-02-06T02:16:50","guid":{"rendered":"https:\/\/vocesparalelas.com.ar\/sitio\/?p=82290"},"modified":"2025-02-06T22:53:09","modified_gmt":"2025-02-07T01:53:09","slug":"xxiii-edicion-de-la-fiesta-nacional-de-las-destrezas-criollas-y-el-folklore-en-rawson-san-juan","status":"publish","type":"post","link":"https:\/\/vocesparalelas.com.ar\/sitio\/xxiii-edicion-de-la-fiesta-nacional-de-las-destrezas-criollas-y-el-folklore-en-rawson-san-juan\/","title":{"rendered":"XXIII edici\u00f3n de la Fiesta Nacional de las Destrezas Criollas y el Folklore en Rawson San Juan"},"content":{"rendered":"<p>El S\u00e1bado, 8 de Febrero, a las\u00a020 hs y el Domingo, 9 de Febrero, a las 19 hs.; se realiza la XXIII edici\u00f3n de la Fiesta Nacional de las Destrezas Criollas y el Folklore\u00a0en el\u00a0Predio Gaucho Jos\u00e9 Dolores, Departamento Rawson. Mientras que la apertura del predio es a las 17:30 hs.<\/p>\n<p>El evento cuenta con ranchos t\u00edpicos, jineteadas, con shows art\u00edsticos locales y nacionales<\/p>\n<p><strong><span style=\"color: #ff6600;\">Lisandro M\u00e1rquez<\/span><\/strong><\/p>\n<p><iframe loading=\"lazy\" title=\"Lisandro M\u00e1rquez- Ten\u00edan Raz\u00f3n\" width=\"800\" height=\"450\" src=\"https:\/\/www.youtube.com\/embed\/sg0hvZZzp7c?feature=oembed\" frameborder=\"0\" allow=\"accelerometer; autoplay; clipboard-write; encrypted-media; gyroscope; picture-in-picture; web-share\" referrerpolicy=\"strict-origin-when-cross-origin\" allowfullscreen><\/iframe><\/p>\n<p>&nbsp;<\/p>\n<p><strong><span style=\"color: #ff6600;\">Los Cantores del Alba<\/span><\/strong><\/p>\n<p>&nbsp;<\/p>\n<p><iframe loading=\"lazy\" title=\"Los Cantores del Alba - Flores del alma\" width=\"800\" height=\"600\" src=\"https:\/\/www.youtube.com\/embed\/FZzEJwYOIoM?feature=oembed\" frameborder=\"0\" allow=\"accelerometer; autoplay; clipboard-write; encrypted-media; gyroscope; picture-in-picture; web-share\" referrerpolicy=\"strict-origin-when-cross-origin\" allowfullscreen><\/iframe><\/p>\n<p><strong><span style=\"color: #ff6600;\">Algarroba.com<\/span><\/strong><\/p>\n<p><iframe loading=\"lazy\" title=\"Algarroba.com -Pucha como es la gente\" width=\"800\" height=\"600\" src=\"https:\/\/www.youtube.com\/embed\/0YSEWoxuNOc?feature=oembed\" frameborder=\"0\" allow=\"accelerometer; autoplay; clipboard-write; encrypted-media; gyroscope; picture-in-picture; web-share\" referrerpolicy=\"strict-origin-when-cross-origin\" allowfullscreen><\/iframe><\/p>\n<p><strong><span style=\"color: #ff6600;\">La Banda al Rojo Vivo<\/span><\/strong><\/p>\n<p><iframe loading=\"lazy\" title=\"ELLA - La Banda Al Rojo Vivo (Video Clip Oficial)\" width=\"800\" height=\"450\" src=\"https:\/\/www.youtube.com\/embed\/dHudkVN8Xqg?feature=oembed\" frameborder=\"0\" allow=\"accelerometer; autoplay; clipboard-write; encrypted-media; gyroscope; picture-in-picture; web-share\" referrerpolicy=\"strict-origin-when-cross-origin\" allowfullscreen><\/iframe><\/p>\n<p>Adem\u00e1s, las destrezas tradicionales ser\u00e1n el centro de atenci\u00f3n, con m\u00e1s de 45 monta por noche, incluyendo la especial Monta de Petiso, y las esperadas Tropillas Entabladas. En el predio, los visitantes podr\u00e1n disfrutar tambi\u00e9n de payadores y relatores de Jes\u00fas Mar\u00eda, que con su particular estilo har\u00e1n revivir la esencia del campo argentino.<\/p>\n<p>Tambi\u00e9n, habr\u00e1\u00a0stands y patio gastron\u00f3mico\u00a0con lo mejor de la cocina criolla y m\u00e1s de 100 artesanos y emprendedores.\u00a0El valor de la entrada es de $3.000 anticipadas y $4.000 en el predio.\u00a0Los jubilados tienen un 50% de descuento y personas con discapacidad y menores de 12 a\u00f1os ingresar\u00e1n gratis. Tambi\u00e9n habr\u00e1 estacionamiento arancelado: autos, $2.000 y motos, $1.000.<\/p>\n<p><strong><span style=\"color: #ff6600;\">Organizan<\/span><\/strong><\/p>\n<ul>\n<li>Municipalidad de la Ciudad de Rawson<\/li>\n<li>Federaci\u00f3n Gaucha Sanjuanina<\/li>\n<\/ul>\n<p><img loading=\"lazy\" decoding=\"async\" class=\"alignnone size-full wp-image-69185\" src=\"https:\/\/vocesparalelas.com.ar\/sitio\/wp-content\/uploads\/2024\/02\/RAWSON-GAUCHOS.jpg\" alt=\"\" width=\"800\" height=\"533\" srcset=\"https:\/\/vocesparalelas.com.ar\/sitio\/wp-content\/uploads\/2024\/02\/RAWSON-GAUCHOS.jpg 800w, https:\/\/vocesparalelas.com.ar\/sitio\/wp-content\/uploads\/2024\/02\/RAWSON-GAUCHOS-300x200.jpg 300w, https:\/\/vocesparalelas.com.ar\/sitio\/wp-content\/uploads\/2024\/02\/RAWSON-GAUCHOS-768x512.jpg 768w\" sizes=\"auto, (max-width: 800px) 100vw, 800px\" \/><\/p>\n","protected":false},"excerpt":{"rendered":"<p>El S\u00e1bado, 8 de Febrero, a las\u00a020 hs y el Domingo, 9 de Febrero, a las 19 hs.; se realiza<\/p>\n","protected":false},"author":3,"featured_media":82293,"comment_status":"closed","ping_status":"closed","sticky":false,"template":"","format":"standard","meta":{"_acf_changed":false,"_seopress_robots_primary_cat":"none","_seopress_titles_title":"","_seopress_titles_desc":"","_seopress_robots_index":"","colormag_page_container_layout":"default_layout","colormag_page_sidebar_layout":"default_layout","footnotes":""},"categories":[20,7],"tags":[],"class_list":["post-82290","post","type-post","status-publish","format-standard","has-post-thumbnail","hentry","category-cartelera","category-videos"],"acf":[],"_links":{"self":[{"href":"https:\/\/vocesparalelas.com.ar\/sitio\/wp-json\/wp\/v2\/posts\/82290","targetHints":{"allow":["GET"]}}],"collection":[{"href":"https:\/\/vocesparalelas.com.ar\/sitio\/wp-json\/wp\/v2\/posts"}],"about":[{"href":"https:\/\/vocesparalelas.com.ar\/sitio\/wp-json\/wp\/v2\/types\/post"}],"author":[{"embeddable":true,"href":"https:\/\/vocesparalelas.com.ar\/sitio\/wp-json\/wp\/v2\/users\/3"}],"replies":[{"embeddable":true,"href":"https:\/\/vocesparalelas.com.ar\/sitio\/wp-json\/wp\/v2\/comments?post=82290"}],"version-history":[{"count":1,"href":"https:\/\/vocesparalelas.com.ar\/sitio\/wp-json\/wp\/v2\/posts\/82290\/revisions"}],"predecessor-version":[{"id":82294,"href":"https:\/\/vocesparalelas.com.ar\/sitio\/wp-json\/wp\/v2\/posts\/82290\/revisions\/82294"}],"wp:featuredmedia":[{"embeddable":true,"href":"https:\/\/vocesparalelas.com.ar\/sitio\/wp-json\/wp\/v2\/media\/82293"}],"wp:attachment":[{"href":"https:\/\/vocesparalelas.com.ar\/sitio\/wp-json\/wp\/v2\/media?parent=82290"}],"wp:term":[{"taxonomy":"category","embeddable":true,"href":"https:\/\/vocesparalelas.com.ar\/sitio\/wp-json\/wp\/v2\/categories?post=82290"},{"taxonomy":"post_tag","embeddable":true,"href":"https:\/\/vocesparalelas.com.ar\/sitio\/wp-json\/wp\/v2\/tags?post=82290"}],"curies":[{"name":"wp","href":"https:\/\/api.w.org\/{rel}","templated":true}]}}