{"id":82229,"date":"2025-02-04T21:22:07","date_gmt":"2025-02-05T00:22:07","guid":{"rendered":"https:\/\/vocesparalelas.com.ar\/sitio\/?p=82229"},"modified":"2025-02-06T00:12:13","modified_gmt":"2025-02-06T03:12:13","slug":"el-hospital-dr-guillermo-rawson-con-un-proyecto-de-remodelacion-al-servicio-de-los-pacientes-de-san-juan","status":"publish","type":"post","link":"https:\/\/vocesparalelas.com.ar\/sitio\/el-hospital-dr-guillermo-rawson-con-un-proyecto-de-remodelacion-al-servicio-de-los-pacientes-de-san-juan\/","title":{"rendered":"El Hospital Dr. Guillermo Rawson con un proyecto de remodelaci\u00f3n al servicio de los pacientes de San Juan"},"content":{"rendered":"<p>El Martes, 04 de Febrero, el gobernador de San Juan, Dr. Marcelo Orrego junto al ministro de Salud, Dr. Amilcar Dobladez y el Ministro de Infraestructura, Agua y Energ\u00eda, Arq. Fernando Perea anunciaron la reubicaci\u00f3n de los consultorios externos del Hospital Dr. Guillermo Rawson y dio a conocer los detalles del ambicioso proyecto que, entre otras nuevas instalaciones, contempla la construcci\u00f3n de 76 nuevos consultorios para este fundamental servicio que en 2024 atendi\u00f3 a m\u00e1s de 335.000 pacientes. La inversi\u00f3n que realiza el Gobierno de San Juan es de $12.500.000.000.<\/p>\n<p>Acompa\u00f1aron al gobernador\u00a0 director del Hospital Dr. Guillermo Rawson, Dr. Juan Pablo Gempel; secretario de Infraestructura, Agua y Energ\u00eda, Ing. Ariel Villavicencio, durante la presentaci\u00f3n.<\/p>\n<p>Por ello, el ministro de Salud, Dr. Amilcar Dobladez asegur\u00f3 que \u201clos nuevos consultorios externos atender\u00e1n a 35,000 personas mensuales, siendo una puerta de entrada esencial para la salud p\u00fablica, junto con la Guardia. Este proyecto forma parte de un esfuerzo integral que incluye la ampliaci\u00f3n y refuncionalizaci\u00f3n de 149 CAPS en la provincia, la construcci\u00f3n de dos hospitales departamentales en Angaco y Calingasta, y otras obras que estamos anunciando y ejecutando constantemente\u201d.<\/p>\n<p><iframe loading=\"lazy\" title=\"SAN JUAN SALUD MINISTRO DR AMILCAR DOBLADEZ\" width=\"800\" height=\"450\" src=\"https:\/\/www.youtube.com\/embed\/cvkZmG6Pd7c?feature=oembed\" frameborder=\"0\" allow=\"accelerometer; autoplay; clipboard-write; encrypted-media; gyroscope; picture-in-picture; web-share\" referrerpolicy=\"strict-origin-when-cross-origin\" allowfullscreen><\/iframe><\/p>\n<p>&nbsp;<\/p>\n<p>Posteriormente, el ministro de Infraestructura, Agua y Energ\u00eda, Arq. Fernando Perea explic\u00f3 que \u00abel proyecto se ubica en la intersecci\u00f3n de las calles Santa Fe y Estados Unidos, dentro del predio del Hospital Dr. Guillermo Rawson. Constar\u00e1 de 5.500 m\u00b2, distribuidos en dos naves. Por calle Santa Fe, habr\u00e1 un acceso para el sector de adultos, que contar\u00e1 con 40 consultorios, enfermer\u00eda y todo lo necesario. Por calle Estados Unidos, se ubicar\u00e1 el \u00e1rea de pediatr\u00eda, con 36 consultorios externos. En el primer piso, se instalar\u00e1 una mediateca con 30 computadoras, una biblioteca y cuatro salas de simulaci\u00f3n (originalmente planeadas como dos, pero ampliadas a pedido del ministro), lo cual consideramos muy relevante. Adem\u00e1s, habr\u00e1 una terraza para uso de los m\u00e9dicos, pensada como un espacio de expansi\u00f3n\u201d.<\/p>\n<p><iframe loading=\"lazy\" title=\"SAN JUAN SALUD MINISTRO INFRAESTRUCTURA ARQ FERNANDO PEREA\" width=\"800\" height=\"450\" src=\"https:\/\/www.youtube.com\/embed\/nsmiI8kuoAI?feature=oembed\" frameborder=\"0\" allow=\"accelerometer; autoplay; clipboard-write; encrypted-media; gyroscope; picture-in-picture; web-share\" referrerpolicy=\"strict-origin-when-cross-origin\" allowfullscreen><\/iframe><\/p>\n<p>Finalmente, el Gobernador de San Juan, Dr. Marcelo Orrego, puntualiz\u00f3 que \u00abesta es una gran noticia para los sanjuaninos. Sabemos que hay muchas obras necesarias en otras provincias, pero las m\u00e1s importantes son las que protegen a nuestras familias. La salud, la seguridad y la educaci\u00f3n son pilares fundamentales ara el presente y el futuro de San Juan. Estos consultorios externos son una necesidad imperiosa y estoy convencido de que mejorar\u00e1n la calidad de vida de muchas personas. Quiero destacar el esfuerzo de quienes trabajan d\u00eda a d\u00eda en el sistema de salud: m\u00e9dicos, enfermeros, personal de limpieza y todos los que sostienen el funcionamiento de nuestros hospitales\u201d.<\/p>\n<p><iframe loading=\"lazy\" title=\"SAN JUAN SALUD GOBERNADOR DR MARCELO ORREGO\" width=\"800\" height=\"450\" src=\"https:\/\/www.youtube.com\/embed\/lwfcMpopH1M?feature=oembed\" frameborder=\"0\" allow=\"accelerometer; autoplay; clipboard-write; encrypted-media; gyroscope; picture-in-picture; web-share\" referrerpolicy=\"strict-origin-when-cross-origin\" allowfullscreen><\/iframe><\/p>\n<p>&nbsp;<\/p>\n<p><img loading=\"lazy\" decoding=\"async\" class=\"alignnone size-full wp-image-82232\" src=\"https:\/\/vocesparalelas.com.ar\/sitio\/wp-content\/uploads\/2025\/02\/SAN-JUAN-SALUD-HGR-01.jpg\" alt=\"\" width=\"800\" height=\"533\" srcset=\"https:\/\/vocesparalelas.com.ar\/sitio\/wp-content\/uploads\/2025\/02\/SAN-JUAN-SALUD-HGR-01.jpg 800w, https:\/\/vocesparalelas.com.ar\/sitio\/wp-content\/uploads\/2025\/02\/SAN-JUAN-SALUD-HGR-01-300x200.jpg 300w, https:\/\/vocesparalelas.com.ar\/sitio\/wp-content\/uploads\/2025\/02\/SAN-JUAN-SALUD-HGR-01-768x512.jpg 768w\" sizes=\"auto, (max-width: 800px) 100vw, 800px\" \/><\/p>\n<p><strong><span style=\"color: #ff0000;\">La obra<\/span><\/strong><\/p>\n<p><iframe loading=\"lazy\" title=\"SAN JUAN SALUD HOSPITAL DR GUILLERMO RAWSON\" width=\"800\" height=\"450\" src=\"https:\/\/www.youtube.com\/embed\/-5lTFL-R3vc?feature=oembed\" frameborder=\"0\" allow=\"accelerometer; autoplay; clipboard-write; encrypted-media; gyroscope; picture-in-picture; web-share\" referrerpolicy=\"strict-origin-when-cross-origin\" allowfullscreen><\/iframe><\/p>\n<p>Vale destacar que este proyecto contempla una importante intervenci\u00f3n en el sector Noreste del predio del nosocomio, donde se ubicar\u00e1n los nuevos espacios para la atenci\u00f3n tanto de adultos como de pacientes pedi\u00e1tricos.<\/p>\n<p>La obra constar\u00e1 de dos naves principales conectadas por un patio interno, las cuales demandar\u00e1n de una edificaci\u00f3n de 5.500 m\u00b2 distribuidos en dos plantas. Asimismo, est\u00e1 proyectado el desarrollo de un tercer sector que ser\u00e1 destinado a una confiter\u00eda.<\/p>\n<p>Una de las naves estar\u00e1 ubicada sobre calle Santa Fe, y en ella ser\u00e1n construidos 40 consultorios para atenci\u00f3n de adultos, un sector de sanitarios para pacientes y personal, dep\u00f3sitos, sala de espera, recepci\u00f3n y cuatro enfermer\u00edas.<\/p>\n<p>Mientras que, en la nave ubicada sobre calle Estados Unidos, se dispondr\u00e1 de 36 consultorios pedi\u00e1tricos, sala de espera, recepci\u00f3n y enfermer\u00eda, todo en planta baja. El primer piso estar\u00e1 destinado a uso profesional y all\u00ed se instalar\u00e1 una mediateca para 30 computadoras, 4 salas de simulaci\u00f3n, un Sal\u00f3n de Usos M\u00faltiples (SUM) para 150 personas, sector de apoyo con sanitarios, office y sala de control, 32 cocheras, y una capilla.<\/p>\n<p>Esta intervenci\u00f3n representa un paso significativo en la modernizaci\u00f3n del Hospital Rawson, mejorando la infraestructura y optimizando los servicios para garantizar una mejor atenci\u00f3n a los sanjuaninos. Actualmente, el Hospital Rawson tiene 38 consultorios externos para adultos y 36 pedi\u00e1tricos, y en 2024 atendieron 271.253 consultas de adultos -46.505 de urgencia-, y 64.600 atenciones pedi\u00e1tricas. Con las nuevas obras, se espera que esas destacables cifras puedan ser superadas.<\/p>\n<p><img loading=\"lazy\" decoding=\"async\" class=\"alignnone size-full wp-image-33004\" src=\"https:\/\/vocesparalelas.com.ar\/sitio\/wp-content\/uploads\/2020\/11\/HOSPITAL-RAWSON-AEREA.jpg\" alt=\"\" width=\"800\" height=\"490\" srcset=\"https:\/\/vocesparalelas.com.ar\/sitio\/wp-content\/uploads\/2020\/11\/HOSPITAL-RAWSON-AEREA.jpg 800w, https:\/\/vocesparalelas.com.ar\/sitio\/wp-content\/uploads\/2020\/11\/HOSPITAL-RAWSON-AEREA-300x184.jpg 300w, https:\/\/vocesparalelas.com.ar\/sitio\/wp-content\/uploads\/2020\/11\/HOSPITAL-RAWSON-AEREA-768x470.jpg 768w\" sizes=\"auto, (max-width: 800px) 100vw, 800px\" \/><\/p>\n<p>&nbsp;<\/p>\n<p><img loading=\"lazy\" decoding=\"async\" class=\"alignnone size-full wp-image-65642\" src=\"https:\/\/vocesparalelas.com.ar\/sitio\/wp-content\/uploads\/2023\/11\/GOBIERNO-SAN-JUAN.jpg\" alt=\"\" width=\"800\" height=\"600\" srcset=\"https:\/\/vocesparalelas.com.ar\/sitio\/wp-content\/uploads\/2023\/11\/GOBIERNO-SAN-JUAN.jpg 800w, https:\/\/vocesparalelas.com.ar\/sitio\/wp-content\/uploads\/2023\/11\/GOBIERNO-SAN-JUAN-300x225.jpg 300w, https:\/\/vocesparalelas.com.ar\/sitio\/wp-content\/uploads\/2023\/11\/GOBIERNO-SAN-JUAN-768x576.jpg 768w\" sizes=\"auto, (max-width: 800px) 100vw, 800px\" \/><\/p>\n","protected":false},"excerpt":{"rendered":"<p>El Martes, 04 de Febrero, el gobernador de San Juan, Dr. Marcelo Orrego junto al ministro de Salud, Dr. Amilcar<\/p>\n","protected":false},"author":3,"featured_media":82233,"comment_status":"closed","ping_status":"closed","sticky":false,"template":"","format":"standard","meta":{"_acf_changed":false,"_seopress_robots_primary_cat":"none","_seopress_titles_title":"","_seopress_titles_desc":"","_seopress_robots_index":"","colormag_page_container_layout":"default_layout","colormag_page_sidebar_layout":"default_layout","footnotes":""},"categories":[2,7],"tags":[],"class_list":["post-82229","post","type-post","status-publish","format-standard","has-post-thumbnail","hentry","category-convocatorias","category-videos"],"acf":[],"_links":{"self":[{"href":"https:\/\/vocesparalelas.com.ar\/sitio\/wp-json\/wp\/v2\/posts\/82229","targetHints":{"allow":["GET"]}}],"collection":[{"href":"https:\/\/vocesparalelas.com.ar\/sitio\/wp-json\/wp\/v2\/posts"}],"about":[{"href":"https:\/\/vocesparalelas.com.ar\/sitio\/wp-json\/wp\/v2\/types\/post"}],"author":[{"embeddable":true,"href":"https:\/\/vocesparalelas.com.ar\/sitio\/wp-json\/wp\/v2\/users\/3"}],"replies":[{"embeddable":true,"href":"https:\/\/vocesparalelas.com.ar\/sitio\/wp-json\/wp\/v2\/comments?post=82229"}],"version-history":[{"count":1,"href":"https:\/\/vocesparalelas.com.ar\/sitio\/wp-json\/wp\/v2\/posts\/82229\/revisions"}],"predecessor-version":[{"id":82234,"href":"https:\/\/vocesparalelas.com.ar\/sitio\/wp-json\/wp\/v2\/posts\/82229\/revisions\/82234"}],"wp:featuredmedia":[{"embeddable":true,"href":"https:\/\/vocesparalelas.com.ar\/sitio\/wp-json\/wp\/v2\/media\/82233"}],"wp:attachment":[{"href":"https:\/\/vocesparalelas.com.ar\/sitio\/wp-json\/wp\/v2\/media?parent=82229"}],"wp:term":[{"taxonomy":"category","embeddable":true,"href":"https:\/\/vocesparalelas.com.ar\/sitio\/wp-json\/wp\/v2\/categories?post=82229"},{"taxonomy":"post_tag","embeddable":true,"href":"https:\/\/vocesparalelas.com.ar\/sitio\/wp-json\/wp\/v2\/tags?post=82229"}],"curies":[{"name":"wp","href":"https:\/\/api.w.org\/{rel}","templated":true}]}}