{"id":82222,"date":"2025-02-04T20:33:59","date_gmt":"2025-02-04T23:33:59","guid":{"rendered":"https:\/\/vocesparalelas.com.ar\/sitio\/?p=82222"},"modified":"2025-02-05T23:19:29","modified_gmt":"2025-02-06T02:19:29","slug":"disfruta-safari-tras-las-sierras-2025-departamento-valle-fertil-san-juan","status":"publish","type":"post","link":"https:\/\/vocesparalelas.com.ar\/sitio\/disfruta-safari-tras-las-sierras-2025-departamento-valle-fertil-san-juan\/","title":{"rendered":"Disfruta \u00abSafari tras las Sierras 2025\u00bb, Departamento Valle F\u00e9rtil, San Juan"},"content":{"rendered":"<p>Febrero tiene un sabor especial para el Departamento Valle F\u00e9rtil, de la Provincia de San Juan con la llegada de la 32\u00aa edici\u00f3n del Safari tras las Sierras, organizado por\u00a0APIVA, Asociaci\u00f3n de Pilotos Vallistos y que en el 2025 tiene un fin de semana al Safari de motos y cuatriciclos, cuya actividad\u00a0comienza el Jueves, 7 de Febrero, con la recepci\u00f3n de las inscripciones.<\/p>\n<p>La competencia cuenta con el apoyo del\u00a0Ministerio de Turismo, Cultura y Deporte del Gobierno de San Juan, a trav\u00e9s de la\u00a0Secretar\u00eda de Deporte, confirmando tambi\u00e9n el auspicio para el fin de semana del\u00a014 al 16 de Febrero, la realizaci\u00f3n del\u00a0Safari tras las Sierras de autos, que cuenta con la fiscalizaci\u00f3n de\u00a0FSAD, Federaci\u00f3n Sanjuanina de Automovilismo Deportivo.<\/p>\n<p>Para ambos fines de semana se espera una importante concurrencia de p\u00fablico al departamento, como as\u00ed, tambi\u00e9n acompa\u00f1antes de los pilotos participantes.<\/p>\n<p>Se recomienda extremar los cuidados en cuanto a la seguridad de los espectadores, manteniendo una distancia prudente para la observaci\u00f3n de la competencia, preferentemente buscando sectores altos o relativamente alejados del paso de los veh\u00edculos participantes.<\/p>\n<p>De la misma manera\u00a0responsabilizarse por el cuidado de ni\u00f1os. Recordar tambi\u00e9n\u00a0cuidarse de las condiciones extremas de calor, procurando sombra, protector solar, gorro o gorrita e hidrataci\u00f3n con agua.<\/p>\n<p>Para este fin de semana est\u00e1 prevista rampa de presentaci\u00f3n para el viernes, 08 de Febrero, a las 21 hs, mientras que S\u00e1bado, 09 y Domingo, 10 de Febrero, se realiza la competencia que finaliza en el tradicional predio Coqui Quintana.<\/p>\n<p><span style=\"color: #008000;\"><strong>Cronograma Safari tras las Sierras 2025<\/strong><\/span><\/p>\n<p><span style=\"color: #008000;\"><strong>Jueves, 06 de Febrero<\/strong><\/span><\/p>\n<ul>\n<li>09:00 a 21:00 hs \u2013 inscripciones en sal\u00f3n de cultura \u201cJos\u00e9 S. N\u00fa\u00f1ez\u201d<\/li>\n<li>Viernes, 07 de Febrero<\/li>\n<li>09:00 a 21:00 hs \u2013 inscripciones en sal\u00f3n de cultura \u201cJos\u00e9 S. N\u00fa\u00f1ez\u201d<\/li>\n<li>21:00 hs &#8211; Presentaci\u00f3n en Rio San Agust\u00edn<\/li>\n<\/ul>\n<p><span style=\"color: #008000;\"><strong>S\u00e1bado, 08 de Febrero<\/strong><\/span><\/p>\n<ul>\n<li>08:00 hs &#8211; comienzo de la competencia 8.00 horas (reconocimiento del circuito)<\/li>\n<li>Lugar de largada: Coqui Quintana (Valle F\u00e9rtil)<\/li>\n<li>9:30 hs &#8211; largada del primer competidor (sin excepci\u00f3n)<\/li>\n<li>19:00 hs &#8211; finalizaci\u00f3n de la competencia<\/li>\n<\/ul>\n<p><span style=\"color: #008000;\"><strong>Domingo, 09 de Febrero<\/strong><\/span><\/p>\n<ul>\n<li>08:30 hs &#8211; comienzo de la competencia 8.00 horas (reconocimiento del circuito)<\/li>\n<li>Lugar de largada: Coqui Quintana (Valle F\u00e9rtil)<\/li>\n<li>9:00 hs &#8211; largada del primer competidor (sin excepci\u00f3n)<\/li>\n<li>19:00 hs &#8211; finalizaci\u00f3n de la competencia en Coqui Quintana<\/li>\n<li>20:00 hs &#8211; Entrega de premios<\/li>\n<\/ul>\n<p><img loading=\"lazy\" decoding=\"async\" class=\"alignnone size-large wp-image-10594\" src=\"https:\/\/vocesparalelas.com.ar\/sitio\/wp-content\/uploads\/2018\/03\/ASTICA-VALLE-FERTIL-800x534.jpg\" alt=\"\" width=\"800\" height=\"534\" srcset=\"https:\/\/vocesparalelas.com.ar\/sitio\/wp-content\/uploads\/2018\/03\/ASTICA-VALLE-FERTIL-800x534.jpg 800w, https:\/\/vocesparalelas.com.ar\/sitio\/wp-content\/uploads\/2018\/03\/ASTICA-VALLE-FERTIL-300x200.jpg 300w, https:\/\/vocesparalelas.com.ar\/sitio\/wp-content\/uploads\/2018\/03\/ASTICA-VALLE-FERTIL-768x512.jpg 768w, https:\/\/vocesparalelas.com.ar\/sitio\/wp-content\/uploads\/2018\/03\/ASTICA-VALLE-FERTIL.jpg 1024w\" sizes=\"auto, (max-width: 800px) 100vw, 800px\" \/><\/p>\n<p>&nbsp;<\/p>\n","protected":false},"excerpt":{"rendered":"<p>Febrero tiene un sabor especial para el Departamento Valle F\u00e9rtil, de la Provincia de San Juan con la llegada de<\/p>\n","protected":false},"author":3,"featured_media":34858,"comment_status":"closed","ping_status":"closed","sticky":false,"template":"","format":"standard","meta":{"_acf_changed":false,"_seopress_robots_primary_cat":"none","_seopress_titles_title":"","_seopress_titles_desc":"","_seopress_robots_index":"","colormag_page_container_layout":"default_layout","colormag_page_sidebar_layout":"default_layout","footnotes":""},"categories":[20],"tags":[],"class_list":["post-82222","post","type-post","status-publish","format-standard","has-post-thumbnail","hentry","category-cartelera"],"acf":[],"_links":{"self":[{"href":"https:\/\/vocesparalelas.com.ar\/sitio\/wp-json\/wp\/v2\/posts\/82222","targetHints":{"allow":["GET"]}}],"collection":[{"href":"https:\/\/vocesparalelas.com.ar\/sitio\/wp-json\/wp\/v2\/posts"}],"about":[{"href":"https:\/\/vocesparalelas.com.ar\/sitio\/wp-json\/wp\/v2\/types\/post"}],"author":[{"embeddable":true,"href":"https:\/\/vocesparalelas.com.ar\/sitio\/wp-json\/wp\/v2\/users\/3"}],"replies":[{"embeddable":true,"href":"https:\/\/vocesparalelas.com.ar\/sitio\/wp-json\/wp\/v2\/comments?post=82222"}],"version-history":[{"count":1,"href":"https:\/\/vocesparalelas.com.ar\/sitio\/wp-json\/wp\/v2\/posts\/82222\/revisions"}],"predecessor-version":[{"id":82228,"href":"https:\/\/vocesparalelas.com.ar\/sitio\/wp-json\/wp\/v2\/posts\/82222\/revisions\/82228"}],"wp:featuredmedia":[{"embeddable":true,"href":"https:\/\/vocesparalelas.com.ar\/sitio\/wp-json\/wp\/v2\/media\/34858"}],"wp:attachment":[{"href":"https:\/\/vocesparalelas.com.ar\/sitio\/wp-json\/wp\/v2\/media?parent=82222"}],"wp:term":[{"taxonomy":"category","embeddable":true,"href":"https:\/\/vocesparalelas.com.ar\/sitio\/wp-json\/wp\/v2\/categories?post=82222"},{"taxonomy":"post_tag","embeddable":true,"href":"https:\/\/vocesparalelas.com.ar\/sitio\/wp-json\/wp\/v2\/tags?post=82222"}],"curies":[{"name":"wp","href":"https:\/\/api.w.org\/{rel}","templated":true}]}}