{"id":82142,"date":"2025-02-02T22:55:57","date_gmt":"2025-02-03T01:55:57","guid":{"rendered":"https:\/\/vocesparalelas.com.ar\/sitio\/?p=82142"},"modified":"2025-02-02T22:55:57","modified_gmt":"2025-02-03T01:55:57","slug":"nicolas-tivani-gano-la-vuelta-a-san-juan-2025-y-leonardo-cobarrubia-gano-la-9-etapa","status":"publish","type":"post","link":"https:\/\/vocesparalelas.com.ar\/sitio\/nicolas-tivani-gano-la-vuelta-a-san-juan-2025-y-leonardo-cobarrubia-gano-la-9-etapa\/","title":{"rendered":"Nicol\u00e1s Tivani gan\u00f3 la \u00abVuelta a San Juan 2025 y Leonardo Cobarrubia gan\u00f3 la 9\u00b0 etapa"},"content":{"rendered":"<p>Despu\u00e9s de 12 a\u00f1os vuelve a ganar un pedalista sanjuanino en la Vuelta a San Juan. El \u00faltimo fue Daniel Zamora en la edici\u00f3n 2013. La 40\u00b0 Edici\u00f3n de la vuelta de todos los sanjuaninos fue para\u00a0<strong>Nicol\u00e1s Tivani (Municipalidad de Pocito)<\/strong>, protagonista permanente en cada una de las etapas, al ganar en la primera y mantener el liderazgo en las nueve restantes.<\/p>\n<p>La edici\u00f3n 2025 quedar\u00e1 en la retina de los sanjuaninos, por un lado con Nico Tivani luciendo la malla l\u00edder durante toda la competencia y logrando la victoria, como por el podio final \u00edntegramente sanjuanino, junto aRodrigo D\u00edaz (Municipalidad de Pocito) y Rub\u00e9n Ramos (Chimbas Te Quiero).<\/p>\n<p>Secretar\u00eda de Deporteconvers\u00f3 con los dos ganadores del domingo en Av. Circunvalaci\u00f3n, Nicol\u00e1s Tivani ganador de la Vuelta a San Juan 2025 y Leonardo Cobarrubia, ganador de la 9\u00b0 y \u00faltima etapa:<\/p>\n<p><span style=\"color: #ff6600;\"><strong>Nicol\u00e1s Tivani<\/strong><\/span><\/p>\n<p><span style=\"color: #ff6600;\"><strong>SD: Felicitaciones Nico \u00bfQu\u00e9 pasa por la cabeza en este momento?<\/strong><\/span><\/p>\n<p>NT: Nada, felicidad, disfrutar, muchas cosas lindas que no me imaginaba, as\u00ed que qu\u00e9 lindo, qu\u00e9 lindo que nos hayamos quedado con esta vuelta, que le he podido regalar esta victoria a toda esta gente, al departamento, a San Juan, no lo imaginaba, sinceramente no lo imaginaba, y la verdad es que ahora toca disfrutar, caer en la realidad y poder disfrutar.<\/p>\n<p><strong><br \/>\n<span style=\"color: #ff6600;\">SD: Lleg\u00f3 el \u00faltimo d\u00eda, \u00bfC\u00f3mo viviste todo este domingo, la ansiedad para terminar de festejar, c\u00f3mo lo viviste al d\u00eda?<\/span><\/strong><\/p>\n<p>NT: Bien, bien, bien, tranquilo. En la ma\u00f1ana me levant\u00e9, estaba solo, los chicos durmiendo, me levant\u00e9, puse m\u00fasica, saqu\u00e9 al loro, tengo un loro, lo dej\u00e9 en el suelo, me puse a regar un poco el pasto, a tomar unos mates, a esperar que se levante Tommy, Ricky, un amigo de Tommy, y esperar a mi mam\u00e1 y pap\u00e1 que se levanten para compartir con ellos unos mates, con ellos tambi\u00e9n, y nada, esperar que llegue la hora de la largada para poder disfrutar. Si bien ha sido una etapa muy dura, lo disfrut\u00e9 mucho, con el cari\u00f1o de la gente.<\/p>\n<p><span style=\"color: #ff6600;\"><strong>SD: Sos la persona m\u00e1s buscada en el final de esta Vuelta. La gente, los compa\u00f1eros, los colegas que te felicitan, los medios que te entrevistan, la gente que te saluda, \u00bfC\u00f3mo es vivir esto?<\/strong><\/span><\/p>\n<p>NT: No, una locura, una locura, as\u00ed que, es muy lindo, lo voy a extra\u00f1ar mucho, voy a extra\u00f1ar mucho del cari\u00f1o de la gente, de estar con mi familia, de mis amigos, de la gente de Pocito, entonces, nada, no quiero pensar, ahora toca volver a Europa (prosigue su carrera en Portugal), y creo que el equipo va a estar muy contento de que nos hayamos quedado con esta victoria.<\/p>\n<p><strong><span style=\"color: #ff6600;\">SD: Deportivamente, \u00bfsos consciente de lo que has logrado, primera vuelta, y siendo l\u00edder todas las etapas?<\/span><\/strong><\/p>\n<p>NT: No, no, todav\u00eda no, ya iremos a caer en la realidad, as\u00ed que, nada, ma\u00f1ana con el diario del lunes, vamos a ver todo.<\/p>\n<p><strong><span style=\"color: #ff6600;\">SD: \u00bfPor qu\u00e9 gan\u00f3 Nicol\u00e1s Tivani?<\/span><\/strong><\/p>\n<p>NT: Ah, no s\u00e9, sinceramente no s\u00e9. Venimos trabajando hace muchos a\u00f1os, desde que soy junior, me dieron la oportunidad, fui un afortunado de que Dios me toc\u00f3 con la varita de poder estar en Europa. Correr en Europa te da un golpe de pedal m\u00e1s, siempre lo he dicho, entonces, creo que eso ha sido fundamental, hacer la temporada all\u00e1 te da un plus, y qu\u00e9 lindo que me haya podido quedar con esta vuelta tan linda.<\/p>\n<p><span style=\"color: #ff6600;\"><strong>SD: \u00bfLos objetivos para este a\u00f1o ya con el equipo en Portugal?<\/strong><\/span><\/p>\n<p>NT: Bueno, primero que nada, tratar de hacer una buena vuelta Algarve, que se viene ahora, con equipos World Tour, y bueno, el principal objetivo es la vuelta a Portugal, tratar de poder hacer una buena vuelta a Portugal.<\/p>\n<p><strong><span style=\"color: #ff6600;\">SD: \u00bfA qui\u00e9n le dedicas el triunfo?<\/span><\/strong><\/p>\n<p>NT: A toda la gente, a mi equipo, que se la banc\u00f3 de punta a punta, me dec\u00edan hijo de mil, justo el primer d\u00eda te vas a poner de l\u00edder, as\u00ed que ellos son los que me han respaldado todo durante toda la vuelta. A mi familia, a mis amigos, a toda esta gente que me ha brindado tanto cari\u00f1o, que ni yo me imaginaba, se lo dedico a ellos, al intendente que conf\u00edo plenamente en m\u00ed, as\u00ed que gracias, mil gracias a todos.<\/p>\n<p><span style=\"color: #ff6600;\"><strong>Leonardo Cobarrubia gan\u00f3 la 9\u00b0 Etapa<\/strong><\/span><\/p>\n<figure id=\"attachment_82146\" aria-describedby=\"caption-attachment-82146\" style=\"width: 800px\" class=\"wp-caption alignnone\"><img loading=\"lazy\" decoding=\"async\" class=\"size-full wp-image-82146\" src=\"https:\/\/vocesparalelas.com.ar\/sitio\/wp-content\/uploads\/2025\/02\/VUELTA-A-SAN-JUAN-Cobarrubia.jpg\" alt=\"\" width=\"800\" height=\"450\" srcset=\"https:\/\/vocesparalelas.com.ar\/sitio\/wp-content\/uploads\/2025\/02\/VUELTA-A-SAN-JUAN-Cobarrubia.jpg 800w, https:\/\/vocesparalelas.com.ar\/sitio\/wp-content\/uploads\/2025\/02\/VUELTA-A-SAN-JUAN-Cobarrubia-300x169.jpg 300w, https:\/\/vocesparalelas.com.ar\/sitio\/wp-content\/uploads\/2025\/02\/VUELTA-A-SAN-JUAN-Cobarrubia-768x432.jpg 768w\" sizes=\"auto, (max-width: 800px) 100vw, 800px\" \/><figcaption id=\"caption-attachment-82146\" class=\"wp-caption-text\">Leonardo Cobarrubia gan\u00f3 la 9\u00b0 Etapa<\/figcaption><\/figure>\n<p>Leonardo Cobarrubia gan\u00f3 su segunda etapa en esta 40\u00b0 Edici\u00f3n de la Vuelta a San Juan, ratific\u00f3 su condici\u00f3n de embalador, y fue el mejor pedalista de su equipo, el SEP San Juan en la clasificaci\u00f3n general, al quedarse en el puesto 15\u00b0. Joven y con mucho futuro por delante, el chimbero convers\u00f3 con la Secretar\u00eda de Deporte:<\/p>\n<p><span style=\"color: #ff6600;\"><strong>SD: \u00bfGanar una etapa con este marco de p\u00fablico? \u00bfQu\u00e9 se siente? \u00bfC\u00f3mo lo viviste?<\/strong><\/span><\/p>\n<p>LC: La verdad que muy contento de haber ganado en la Circunvalaci\u00f3n con toda la gente que hab\u00eda y con todo lo que conlleva la Circunvalaci\u00f3n, as\u00ed que contento.<\/p>\n<p><span style=\"color: #ff6600;\"><strong>SD: \u00bfHoy c\u00f3mo fue la etapa? \u00bfPara disfrutar? \u00bfPara pensar en la carrera misma? \u00bfC\u00f3mo lo vivieron sentimentalmente?<\/strong><\/span><\/p>\n<p>LC: No, fue una etapa para m\u00ed tranquila. Yo no ataqu\u00e9, no hice nada. Trat\u00e9 de guardar fuerza para el sprint y gracias a Dios nos pudimos quedar con el triunfo.<\/p>\n<p><span style=\"color: #ff6600;\"><strong>SD: \u00bfC\u00f3mo fue ese final? Contame el sprint.<\/strong><\/span><\/p>\n<p>LC: Fue un sprint bastante complicado. Muchos choques. Me ubiqu\u00e9 en la rueda buena y esper\u00e9 mis metros y pude atacar y pasar.<\/p>\n<p><span style=\"color: #ff6600;\"><strong>SD: \u00bfQu\u00e9 se siente ganar en la l\u00ednea de llegada con este marco de p\u00fablico, en este escenario?<\/strong><\/span><\/p>\n<p>LC: La verdad que muy emocionante. Ganar la \u00faltima etapa de la Vuelta de San Juan en la Circunvalaci\u00f3n y con la Circunvalaci\u00f3n llena creo que siempre ha sido un sue\u00f1o y gracias a Dios lo pudimos cumplir.<\/p>\n<p><span style=\"color: #ff6600;\"><strong>SD: \u00bfTu balance personal en esta vuelta?<\/strong><\/span><\/p>\n<p>LC: Bueno, me gusta correr para ganar. La verdad que ahora no se dio. Tuve mucha mala suerte la primera mitad de la vuelta. Pero bueno, contento de haber ganado dos etapas y haber hecho una gran vuelta.<\/p>\n<p><span style=\"color: #ff6600;\"><strong>SD: \u00bfDedicatoria de todo el esfuerzo que hiciste en esta vuelta?<\/strong><\/span><\/p>\n<p>LC: A mi equipo, sin duda. A mi novia, a Jos\u00e9 D\u00edaz, a mi beb\u00e9 y a la gente que siempre est\u00e1.<\/p>\n<p>&nbsp;<\/p>\n<p><img loading=\"lazy\" decoding=\"async\" class=\"alignnone size-full wp-image-82147\" src=\"https:\/\/vocesparalelas.com.ar\/sitio\/wp-content\/uploads\/2025\/02\/VUELTA-A-SAN-JUAN-11.jpg\" alt=\"\" width=\"800\" height=\"450\" srcset=\"https:\/\/vocesparalelas.com.ar\/sitio\/wp-content\/uploads\/2025\/02\/VUELTA-A-SAN-JUAN-11.jpg 800w, https:\/\/vocesparalelas.com.ar\/sitio\/wp-content\/uploads\/2025\/02\/VUELTA-A-SAN-JUAN-11-300x169.jpg 300w, https:\/\/vocesparalelas.com.ar\/sitio\/wp-content\/uploads\/2025\/02\/VUELTA-A-SAN-JUAN-11-768x432.jpg 768w\" sizes=\"auto, (max-width: 800px) 100vw, 800px\" \/><\/p>\n","protected":false},"excerpt":{"rendered":"<p>Despu\u00e9s de 12 a\u00f1os vuelve a ganar un pedalista sanjuanino en la Vuelta a San Juan. El \u00faltimo fue Daniel<\/p>\n","protected":false},"author":3,"featured_media":82145,"comment_status":"closed","ping_status":"closed","sticky":false,"template":"","format":"standard","meta":{"_acf_changed":false,"_seopress_robots_primary_cat":"none","_seopress_titles_title":"","_seopress_titles_desc":"","_seopress_robots_index":"","colormag_page_container_layout":"default_layout","colormag_page_sidebar_layout":"default_layout","footnotes":""},"categories":[1],"tags":[],"class_list":["post-82142","post","type-post","status-publish","format-standard","has-post-thumbnail","hentry","category-destacadas"],"acf":[],"_links":{"self":[{"href":"https:\/\/vocesparalelas.com.ar\/sitio\/wp-json\/wp\/v2\/posts\/82142","targetHints":{"allow":["GET"]}}],"collection":[{"href":"https:\/\/vocesparalelas.com.ar\/sitio\/wp-json\/wp\/v2\/posts"}],"about":[{"href":"https:\/\/vocesparalelas.com.ar\/sitio\/wp-json\/wp\/v2\/types\/post"}],"author":[{"embeddable":true,"href":"https:\/\/vocesparalelas.com.ar\/sitio\/wp-json\/wp\/v2\/users\/3"}],"replies":[{"embeddable":true,"href":"https:\/\/vocesparalelas.com.ar\/sitio\/wp-json\/wp\/v2\/comments?post=82142"}],"version-history":[{"count":1,"href":"https:\/\/vocesparalelas.com.ar\/sitio\/wp-json\/wp\/v2\/posts\/82142\/revisions"}],"predecessor-version":[{"id":82148,"href":"https:\/\/vocesparalelas.com.ar\/sitio\/wp-json\/wp\/v2\/posts\/82142\/revisions\/82148"}],"wp:featuredmedia":[{"embeddable":true,"href":"https:\/\/vocesparalelas.com.ar\/sitio\/wp-json\/wp\/v2\/media\/82145"}],"wp:attachment":[{"href":"https:\/\/vocesparalelas.com.ar\/sitio\/wp-json\/wp\/v2\/media?parent=82142"}],"wp:term":[{"taxonomy":"category","embeddable":true,"href":"https:\/\/vocesparalelas.com.ar\/sitio\/wp-json\/wp\/v2\/categories?post=82142"},{"taxonomy":"post_tag","embeddable":true,"href":"https:\/\/vocesparalelas.com.ar\/sitio\/wp-json\/wp\/v2\/tags?post=82142"}],"curies":[{"name":"wp","href":"https:\/\/api.w.org\/{rel}","templated":true}]}}