{"id":82133,"date":"2025-02-02T12:00:56","date_gmt":"2025-02-02T15:00:56","guid":{"rendered":"https:\/\/vocesparalelas.com.ar\/sitio\/?p=82133"},"modified":"2025-02-03T19:30:37","modified_gmt":"2025-02-03T22:30:37","slug":"se-habilito-la-pesca-deportiva-en-los-diques-de-san-juan","status":"publish","type":"post","link":"https:\/\/vocesparalelas.com.ar\/sitio\/se-habilito-la-pesca-deportiva-en-los-diques-de-san-juan\/","title":{"rendered":"Se habilit\u00f3 la pesca deportiva en los diques de San Juan"},"content":{"rendered":"<p>Con el objetivo de ordenar la actividad en todos los espejos de agua de la provincia de San Juan, la Secretar\u00eda de Ambiente y Desarrollo Sustentable del Gobierno de San Juan recuerda a pescadores y visitantes los horarios habilitados para la pesca deportiva.<\/p>\n<p><span style=\"color: #008000;\"><strong>Horarios permitidos<\/strong><\/span><\/p>\n<p>La pesca deportiva estar\u00e1 habilitada en todos los diques de la provincia en los siguientes horarios:<\/p>\n<ul>\n<li>De lunes a domingo: 07:00 a 19:00 horas.<\/li>\n<\/ul>\n<p>Fuera de este horario, la pesca no est\u00e1 permitida con el fin de preservar la fauna acu\u00e1tica y garantizar el control de la actividad.<\/p>\n<p><strong><span style=\"color: #008000;\">Normativas y recomendaciones<\/span><\/strong><\/p>\n<p>Para llevar adelante una pesca responsable, se recuerda a los pescadores cumplir con las siguientes regulaciones:<\/p>\n<ul>\n<li>Utilizar \u00fanicamente equipos y artes de pesca permitidos.<\/li>\n<li>Respetar las especies protegidas y las tallas m\u00ednimas de captura.<\/li>\n<li>No dejar residuos en las zonas de pesca y contribuir con la limpieza del ambiente.<\/li>\n<li>Respetar los cupos de captura establecidos para cada especie.<\/li>\n<li>Seguir las indicaciones de guardaparques y autoridades ambientales.<\/li>\n<li>En cuanto a las cotas de pesca, se permiten las siguientes extracciones:<\/li>\n<\/ul>\n<p><strong><span style=\"color: #008000;\">Espacios y cupos<\/span><\/strong><\/p>\n<ul>\n<li>Dique Ullum: 25 ejemplares de pejerrey por pescador por d\u00eda.<\/li>\n<li>Punta Negra: 10 ejemplares de pejerrey y hasta una trucha por pescador por d\u00eda.<\/li>\n<li>Cuesta del Viento: 25 ejemplares de pejerrey por pescador diario.<\/li>\n<\/ul>\n<p>A trav\u00e9s de la Resoluci\u00f3n N\u00b0 1379-SEAyDS-2024, la Secretar\u00eda de Ambiente y Desarrollo Sustentable levant\u00f3 la veda para la pesca deportiva en el Dique San Agust\u00edn. Esta medida responde a la limitada disponibilidad de agua en la regi\u00f3n, lo que ha ocasionado una disminuci\u00f3n en los niveles de ox\u00edgeno en el agua. El levantamiento de la veda estar\u00e1 vigente hasta el a\u00f1o 2026.<\/p>\n<p>El cumplimiento de estas disposiciones permitir\u00e1 proteger el equilibrio ecol\u00f3gico de los diques y permitir que la pesca deportiva se desarrolle de manera sostenible.<\/p>\n<figure id=\"attachment_31318\" aria-describedby=\"caption-attachment-31318\" style=\"width: 800px\" class=\"wp-caption alignnone\"><img loading=\"lazy\" decoding=\"async\" class=\"size-full wp-image-31318\" src=\"https:\/\/vocesparalelas.com.ar\/sitio\/wp-content\/uploads\/2020\/09\/DIQUE-ULLUM.jpg\" alt=\"\" width=\"800\" height=\"450\" srcset=\"https:\/\/vocesparalelas.com.ar\/sitio\/wp-content\/uploads\/2020\/09\/DIQUE-ULLUM.jpg 800w, https:\/\/vocesparalelas.com.ar\/sitio\/wp-content\/uploads\/2020\/09\/DIQUE-ULLUM-300x169.jpg 300w, https:\/\/vocesparalelas.com.ar\/sitio\/wp-content\/uploads\/2020\/09\/DIQUE-ULLUM-768x432.jpg 768w\" sizes=\"auto, (max-width: 800px) 100vw, 800px\" \/><figcaption id=\"caption-attachment-31318\" class=\"wp-caption-text\">Dique de Ullum, Provincia de San Juan, Rep\u00fablica Argentina<\/figcaption><\/figure>\n","protected":false},"excerpt":{"rendered":"<p>Con el objetivo de ordenar la actividad en todos los espejos de agua de la provincia de San Juan, la<\/p>\n","protected":false},"author":3,"featured_media":29010,"comment_status":"closed","ping_status":"closed","sticky":false,"template":"","format":"standard","meta":{"_acf_changed":false,"_seopress_robots_primary_cat":"none","_seopress_titles_title":"","_seopress_titles_desc":"","_seopress_robots_index":"","colormag_page_container_layout":"default_layout","colormag_page_sidebar_layout":"default_layout","footnotes":""},"categories":[6],"tags":[],"class_list":["post-82133","post","type-post","status-publish","format-standard","has-post-thumbnail","hentry","category-eventos"],"acf":[],"_links":{"self":[{"href":"https:\/\/vocesparalelas.com.ar\/sitio\/wp-json\/wp\/v2\/posts\/82133","targetHints":{"allow":["GET"]}}],"collection":[{"href":"https:\/\/vocesparalelas.com.ar\/sitio\/wp-json\/wp\/v2\/posts"}],"about":[{"href":"https:\/\/vocesparalelas.com.ar\/sitio\/wp-json\/wp\/v2\/types\/post"}],"author":[{"embeddable":true,"href":"https:\/\/vocesparalelas.com.ar\/sitio\/wp-json\/wp\/v2\/users\/3"}],"replies":[{"embeddable":true,"href":"https:\/\/vocesparalelas.com.ar\/sitio\/wp-json\/wp\/v2\/comments?post=82133"}],"version-history":[{"count":1,"href":"https:\/\/vocesparalelas.com.ar\/sitio\/wp-json\/wp\/v2\/posts\/82133\/revisions"}],"predecessor-version":[{"id":82136,"href":"https:\/\/vocesparalelas.com.ar\/sitio\/wp-json\/wp\/v2\/posts\/82133\/revisions\/82136"}],"wp:featuredmedia":[{"embeddable":true,"href":"https:\/\/vocesparalelas.com.ar\/sitio\/wp-json\/wp\/v2\/media\/29010"}],"wp:attachment":[{"href":"https:\/\/vocesparalelas.com.ar\/sitio\/wp-json\/wp\/v2\/media?parent=82133"}],"wp:term":[{"taxonomy":"category","embeddable":true,"href":"https:\/\/vocesparalelas.com.ar\/sitio\/wp-json\/wp\/v2\/categories?post=82133"},{"taxonomy":"post_tag","embeddable":true,"href":"https:\/\/vocesparalelas.com.ar\/sitio\/wp-json\/wp\/v2\/tags?post=82133"}],"curies":[{"name":"wp","href":"https:\/\/api.w.org\/{rel}","templated":true}]}}