{"id":82125,"date":"2025-02-01T20:23:30","date_gmt":"2025-02-01T23:23:30","guid":{"rendered":"https:\/\/vocesparalelas.com.ar\/sitio\/?p=82125"},"modified":"2025-02-03T12:14:02","modified_gmt":"2025-02-03T15:14:02","slug":"un-bebe-mama-papa-y-dos-ancianos","status":"publish","type":"post","link":"https:\/\/vocesparalelas.com.ar\/sitio\/un-bebe-mama-papa-y-dos-ancianos\/","title":{"rendered":"Un beb\u00e9, mam\u00e1, pap\u00e1 y dos ancianos\u2026"},"content":{"rendered":"<p>Por el Arzobispo de San Juan de Cuyo, Monse\u00f1or Jorge Eduardo Lozano<\/p>\n<p>\u2026 Se encuentran en el Templo de Jerusal\u00e9n. Lo sorprendente es lo que dicen de este ni\u00f1o: \u201cMis ojos han visto la salvaci\u00f3n de Dios\u201d. Esta es la luz para iluminar a las naciones paganas. Ser\u00e1 signo de contradicci\u00f3n. Y la anciana Ana que hablaba maravillas acerca de este ni\u00f1o. Finalmente se ven cumplidas las promesas de Dios esperadas durante siglos.<\/p>\n<p>Hoy estamos a 40 d\u00edas de la Navidad, de haber celebrado su nacimiento y Jes\u00fas es presentado en el Templo por Mar\u00eda y Jos\u00e9. Es el enviado de Dios que sale a encontrarse con su pueblo que lo esperaba hace mucho tiempo, representado por los ancianos Sime\u00f3n y Ana.<\/p>\n<p>El evangelio de San Lucas quiere que prestemos atenci\u00f3n a la entrada en el Templo. \u00c9l es quien viene a purificar el culto a Dios. Se reconoce que en la fragilidad y peque\u00f1ez del Ni\u00f1o hay un misterio muy hondo que est\u00e1 presente. Es Luz para iluminar a las naciones.<\/p>\n<p>\u00c9l cumple las promesas, aunque pase el tiempo. En el A\u00f1o Jubilar se nos recuerda que somos peregrinos de la esperanza, que no quedar\u00e1 defraudada.<\/p>\n<p>Por medio de la encarnaci\u00f3n del Hijo de Dios todo lo humano se puede transformar en culto de alabanza a Dios. El trabajo, el estudio, la vida familiar, las buenas obras, la oraci\u00f3n, el deporte, la recreaci\u00f3n. Purificaci\u00f3n del templo y de la fe. Estamos llamados a no escindir la fe de la vida cotidiana. Por eso San Pablo escribi\u00f3 a los cristianos de Corinto, \u201csea que ustedes coman, sea que beban, o cualquier cosa que hagan, h\u00e1ganlo todo para gloria de Dios\u201d.<\/p>\n<p>En muchos lugares se representa en esta escena a la Virgen entrando con San Jos\u00e9 en el Templo, llevando en brazos al Ni\u00f1o Jes\u00fas y una vela \u2014candela\u2014 en la mano. En las celebraciones de las misas de hoy se realiza la bendici\u00f3n de las velas. Algunas de ellas ser\u00e1n utilizadas ma\u00f1ana para invocar la protecci\u00f3n de San Blas contra las enfermedades de la garganta.<\/p>\n<p>El domingo pasado el Papa celebr\u00f3 en Roma el Jubileo de las Comunicaciones, del cual participaron periodistas, agentes pastorales del mundo de la comunicaci\u00f3n de la iglesia de todo el mundo.<\/p>\n<p>En su Mensaje para la Jornada Mundial de las comunicaciones nos alent\u00f3 a ser \u2018\u2019comunicadores de esperanza\u2019\u2019.<\/p>\n<p>Se lamentaba Francisco reconociendo que \u201choy en d\u00eda, con mucha frecuencia la comunicaci\u00f3n no genera esperanza, sino miedo y desesperaci\u00f3n, prejuicio y rencor, fanatismo e incluso odio. Incluso se usa la palabra como un pu\u00f1al; para herir, lastimar, provocar da\u00f1os personales o de grupos\u201d.<\/p>\n<p>Por eso ha vuelto a plantear \u201cla necesidad de \u2018desarmar\u2019 la comunicaci\u00f3n, de purificarla de la agresividad. Reducir la realidad a un\u00a0<em>slogan<\/em>\u00a0nunca produce buenos frutos\u201d. Nuestras palabras no son inocuas o indiferentes.<\/p>\n<p>En definitiva, \u201clo que logra el buen comunicador es que quien escucha, lee o mira pueda participar, pueda sentirse incluido, pueda encontrar la mejor parte de s\u00ed mismo y entrar con estas actitudes en las historias narradas\u201d. Comunicar de esa manera ayuda a convertirse en \u201cperegrinos de esperanza\u201d, como dice el lema del Jubileo.<\/p>\n<p>Y en el encuentro con los Presidentes de Comisiones Nacionales de Comunicaci\u00f3n de las Conferencias Episcopales, preguntaba, \u201c\u00bfsabemos dar testimonio de que la historia humana no concluye en un callej\u00f3n sin salida? \u00bfY c\u00f3mo indicamos una perspectiva diferente hacia un futuro que todav\u00eda no est\u00e1 escrito? A m\u00ed me gusta esta expresi\u00f3n:\u00a0<em>escribir el futuro<\/em>; nos toca a nosotros escribir el futuro.<strong>\u00a0<\/strong>\u00bfSabemos comunicar que esta esperanza no es una ilusi\u00f3n? La esperanza no defrauda nunca\u201d. Qu\u00e9 hermoso desaf\u00edo nos plantea, \u2018\u2019escribir el futuro\u2019\u2019. Asumamos esta propuesta con confianza y audacia.<\/p>\n<p><iframe loading=\"lazy\" title=\"SAN JUAN MONSE\u00d1OR JORGE LOZANO\" width=\"800\" height=\"450\" src=\"https:\/\/www.youtube.com\/embed\/9fQdzM9tDpM?feature=oembed\" frameborder=\"0\" allow=\"accelerometer; autoplay; clipboard-write; encrypted-media; gyroscope; picture-in-picture; web-share\" referrerpolicy=\"strict-origin-when-cross-origin\" allowfullscreen><\/iframe><\/p>\n<p>&nbsp;<\/p>\n<p><img loading=\"lazy\" decoding=\"async\" class=\"alignnone size-full wp-image-61416\" src=\"https:\/\/vocesparalelas.com.ar\/sitio\/wp-content\/uploads\/2023\/07\/ARZOBISPADO-EDIFICIO.jpg\" alt=\"\" width=\"800\" height=\"600\" srcset=\"https:\/\/vocesparalelas.com.ar\/sitio\/wp-content\/uploads\/2023\/07\/ARZOBISPADO-EDIFICIO.jpg 800w, https:\/\/vocesparalelas.com.ar\/sitio\/wp-content\/uploads\/2023\/07\/ARZOBISPADO-EDIFICIO-300x225.jpg 300w, https:\/\/vocesparalelas.com.ar\/sitio\/wp-content\/uploads\/2023\/07\/ARZOBISPADO-EDIFICIO-768x576.jpg 768w\" sizes=\"auto, (max-width: 800px) 100vw, 800px\" \/><\/p>\n","protected":false},"excerpt":{"rendered":"<p>Por el Arzobispo de San Juan de Cuyo, Monse\u00f1or Jorge Eduardo Lozano \u2026 Se encuentran en el Templo de Jerusal\u00e9n.<\/p>\n","protected":false},"author":3,"featured_media":20281,"comment_status":"closed","ping_status":"closed","sticky":false,"template":"","format":"standard","meta":{"_acf_changed":false,"_seopress_robots_primary_cat":"none","_seopress_titles_title":"","_seopress_titles_desc":"","_seopress_robots_index":"","colormag_page_container_layout":"default_layout","colormag_page_sidebar_layout":"default_layout","footnotes":""},"categories":[10,7],"tags":[],"class_list":["post-82125","post","type-post","status-publish","format-standard","has-post-thumbnail","hentry","category-opiniones","category-videos"],"acf":[],"_links":{"self":[{"href":"https:\/\/vocesparalelas.com.ar\/sitio\/wp-json\/wp\/v2\/posts\/82125","targetHints":{"allow":["GET"]}}],"collection":[{"href":"https:\/\/vocesparalelas.com.ar\/sitio\/wp-json\/wp\/v2\/posts"}],"about":[{"href":"https:\/\/vocesparalelas.com.ar\/sitio\/wp-json\/wp\/v2\/types\/post"}],"author":[{"embeddable":true,"href":"https:\/\/vocesparalelas.com.ar\/sitio\/wp-json\/wp\/v2\/users\/3"}],"replies":[{"embeddable":true,"href":"https:\/\/vocesparalelas.com.ar\/sitio\/wp-json\/wp\/v2\/comments?post=82125"}],"version-history":[{"count":1,"href":"https:\/\/vocesparalelas.com.ar\/sitio\/wp-json\/wp\/v2\/posts\/82125\/revisions"}],"predecessor-version":[{"id":82128,"href":"https:\/\/vocesparalelas.com.ar\/sitio\/wp-json\/wp\/v2\/posts\/82125\/revisions\/82128"}],"wp:featuredmedia":[{"embeddable":true,"href":"https:\/\/vocesparalelas.com.ar\/sitio\/wp-json\/wp\/v2\/media\/20281"}],"wp:attachment":[{"href":"https:\/\/vocesparalelas.com.ar\/sitio\/wp-json\/wp\/v2\/media?parent=82125"}],"wp:term":[{"taxonomy":"category","embeddable":true,"href":"https:\/\/vocesparalelas.com.ar\/sitio\/wp-json\/wp\/v2\/categories?post=82125"},{"taxonomy":"post_tag","embeddable":true,"href":"https:\/\/vocesparalelas.com.ar\/sitio\/wp-json\/wp\/v2\/tags?post=82125"}],"curies":[{"name":"wp","href":"https:\/\/api.w.org\/{rel}","templated":true}]}}