{"id":82111,"date":"2025-01-31T22:38:43","date_gmt":"2025-02-01T01:38:43","guid":{"rendered":"https:\/\/vocesparalelas.com.ar\/sitio\/?p=82111"},"modified":"2025-01-31T22:39:51","modified_gmt":"2025-02-01T01:39:51","slug":"san-juan-turista-y-cultural-se-promociona-en-el-festival-nacional-de-folklore-cosquin-2025","status":"publish","type":"post","link":"https:\/\/vocesparalelas.com.ar\/sitio\/san-juan-turista-y-cultural-se-promociona-en-el-festival-nacional-de-folklore-cosquin-2025\/","title":{"rendered":"San Juan turista y cultural se promociona en el Festival Nacional de Folklore Cosqu\u00edn 2025"},"content":{"rendered":"<p><span class=\"s1\">El Ministerio de Turismo, Cultura y Deporte del Gobierno de San Juan, a trav\u00e9s de la Secretaria de Turismo, se encuentra en la localidad de Cosqu\u00edn, provincia de C\u00f3rdoba,\u00a0realizando acciones<span class=\"Apple-converted-space\">\u00a0<\/span>de promoci\u00f3n para destacar los\u00a0destinos tur\u00edsticos y la oferta de<span class=\"Apple-converted-space\">\u00a0<\/span>San Juan.<\/span><\/p>\n<p class=\"p2\"><span class=\"s1\">El objetivo de estas acciones, llevadas adelante por la Direcci\u00f3n de Promoci\u00f3n Tur\u00edstica, es posicionar a la provincia como un destino tur\u00edstico de referencia a nivel nacional, fortaleciendo la visibilidad de sus productos, atractivos y experiencias \u00fanicas.<\/span><\/p>\n<p class=\"p1\"><span class=\"s1\">Los turistas pueden visitar el stand ubicado en el Festival Nacional de Folklore Cosqu\u00edn 2025 y tienen la oportunidad de descubrir la riqueza cultural, natural y productiva de San Juan a trav\u00e9s de diversas acciones interactivas y llamativas. <\/span><\/p>\n<p class=\"p1\"><span class=\"s1\">Esas actividades son del tipo sensorial, como las degustaciones de productos regionales que incluyen vino en diversos varietales, dulce de membrillo y tambi\u00e9n aceitunas. Tambi\u00e9n, se entrega merchandising de la campa\u00f1a de promoci\u00f3n de verano.<\/span><\/p>\n<p><img loading=\"lazy\" decoding=\"async\" class=\"alignnone size-large wp-image-4836\" src=\"https:\/\/vocesparalelas.com.ar\/sitio\/wp-content\/uploads\/2017\/09\/ZONDA-PAISAJE-01-800x534.jpg\" alt=\"\" width=\"800\" height=\"534\" srcset=\"https:\/\/vocesparalelas.com.ar\/sitio\/wp-content\/uploads\/2017\/09\/ZONDA-PAISAJE-01-800x534.jpg 800w, https:\/\/vocesparalelas.com.ar\/sitio\/wp-content\/uploads\/2017\/09\/ZONDA-PAISAJE-01-300x200.jpg 300w, https:\/\/vocesparalelas.com.ar\/sitio\/wp-content\/uploads\/2017\/09\/ZONDA-PAISAJE-01-768x512.jpg 768w, https:\/\/vocesparalelas.com.ar\/sitio\/wp-content\/uploads\/2017\/09\/ZONDA-PAISAJE-01.jpg 1000w\" sizes=\"auto, (max-width: 800px) 100vw, 800px\" \/><\/p>\n<p>&nbsp;<\/p>\n","protected":false},"excerpt":{"rendered":"<p>El Ministerio de Turismo, Cultura y Deporte del Gobierno de San Juan, a trav\u00e9s de la Secretaria de Turismo, se<\/p>\n","protected":false},"author":3,"featured_media":82115,"comment_status":"closed","ping_status":"closed","sticky":false,"template":"","format":"standard","meta":{"_acf_changed":false,"_seopress_robots_primary_cat":"none","_seopress_titles_title":"","_seopress_titles_desc":"","_seopress_robots_index":"","colormag_page_container_layout":"default_layout","colormag_page_sidebar_layout":"default_layout","footnotes":""},"categories":[1],"tags":[],"class_list":["post-82111","post","type-post","status-publish","format-standard","has-post-thumbnail","hentry","category-destacadas"],"acf":[],"_links":{"self":[{"href":"https:\/\/vocesparalelas.com.ar\/sitio\/wp-json\/wp\/v2\/posts\/82111","targetHints":{"allow":["GET"]}}],"collection":[{"href":"https:\/\/vocesparalelas.com.ar\/sitio\/wp-json\/wp\/v2\/posts"}],"about":[{"href":"https:\/\/vocesparalelas.com.ar\/sitio\/wp-json\/wp\/v2\/types\/post"}],"author":[{"embeddable":true,"href":"https:\/\/vocesparalelas.com.ar\/sitio\/wp-json\/wp\/v2\/users\/3"}],"replies":[{"embeddable":true,"href":"https:\/\/vocesparalelas.com.ar\/sitio\/wp-json\/wp\/v2\/comments?post=82111"}],"version-history":[{"count":3,"href":"https:\/\/vocesparalelas.com.ar\/sitio\/wp-json\/wp\/v2\/posts\/82111\/revisions"}],"predecessor-version":[{"id":82118,"href":"https:\/\/vocesparalelas.com.ar\/sitio\/wp-json\/wp\/v2\/posts\/82111\/revisions\/82118"}],"wp:featuredmedia":[{"embeddable":true,"href":"https:\/\/vocesparalelas.com.ar\/sitio\/wp-json\/wp\/v2\/media\/82115"}],"wp:attachment":[{"href":"https:\/\/vocesparalelas.com.ar\/sitio\/wp-json\/wp\/v2\/media?parent=82111"}],"wp:term":[{"taxonomy":"category","embeddable":true,"href":"https:\/\/vocesparalelas.com.ar\/sitio\/wp-json\/wp\/v2\/categories?post=82111"},{"taxonomy":"post_tag","embeddable":true,"href":"https:\/\/vocesparalelas.com.ar\/sitio\/wp-json\/wp\/v2\/tags?post=82111"}],"curies":[{"name":"wp","href":"https:\/\/api.w.org\/{rel}","templated":true}]}}