{"id":82101,"date":"2025-01-31T21:03:24","date_gmt":"2025-02-01T00:03:24","guid":{"rendered":"https:\/\/vocesparalelas.com.ar\/sitio\/?p=82101"},"modified":"2025-02-02T23:12:49","modified_gmt":"2025-02-03T02:12:49","slug":"trabajan-en-la-rehabilitacion-de-cauces-embancados-por-las-crecientes-en-san-juan","status":"publish","type":"post","link":"https:\/\/vocesparalelas.com.ar\/sitio\/trabajan-en-la-rehabilitacion-de-cauces-embancados-por-las-crecientes-en-san-juan\/","title":{"rendered":"Trabajan en la rehabilitaci\u00f3n de cauces embancados por las crecientes en San Juan"},"content":{"rendered":"<p>El personal operativo del Departamento de Hidr\u00e1ulica, trabaja activamente en la restituci\u00f3n de canales, tomas, drenes y otras obras de ingenier\u00eda del sistema de riego provincial que se vieron afectadas por las bajadas de crecientes en diferentes localidades.<\/p>\n<p>Tras las intensas lluvias de Diciembre de 2024 y Enero de 2025, las bajadas de crecientes, posteriores a cada inclemencia, da\u00f1aron parte de los cauces por los que circula el agua de riego y los llenaron de sedimento.<\/p>\n<p>En los Departamentos de Calingasta e Iglesia,\u00a0al encontrarse en altura el sistema de riego, se constituye en el primer depositario del sedimento que arrastra la creciente. All\u00ed, luego de las primera lluvias, se trabaj\u00f3 para volver a poner operativas las obras, pero nuevas crecidas destruyeron el trabajo ya realizado. Estos son los departamentos m\u00e1s afectados donde se registraron uno o dos eventos clim\u00e1ticos por semana en el \u00faltimo mes y como consecuencia se tuvieron que reparar tomas y defensas, y realizar limpieza y desembanque de canales una y otra vez.<\/p>\n<p>En la Localidad de Barreal, Departamento Calingasta, se normaliz\u00f3 el funcionamiento de los canales San Guillermo, Castillo y Cano. En la Localidad de La Puntilla ya se dej\u00f3 operativo el canal del mismo nombre. En la Localidad de Sorocayense se est\u00e1 trabajando, al igual que en la Hilario. La pr\u00f3xima semana, el equipo del Departamento\u00a0 Calingasta avanza en las Localidades de La Isla y Tamber\u00edas.<\/p>\n<p>Por otro lado,\u00a0la bajada de creciente en el Departamento Albard\u00f3n afect\u00f3 al Canal del Norte y a los departamentos que conectan con ese canal matriz aguas abajo.<\/p>\n<p>En el Departamento Ullum se registraron crecidas y roturas de defensa aluvionales., donde el Canal General Ullum se tap\u00f3 con la bajada de creciente por segunda vez en 20 d\u00edas.<\/p>\n<p>En el Departamento Rivadavia el Dique Verde se embanc\u00f3 3 veces en lo que va de la temporada estival a causa de estos fen\u00f3menos y 3 veces debi\u00f3 ser limpiado.<\/p>\n<p>En el Departamento J\u00e1chal la toma de Mogna sufri\u00f3 los estragos del clima por tercera vez en la temporada, donde se trabaja\u00a0 para limpiar el embanque y restituir la toma de esa localidad.<\/p>\n<p>El trabajo realizaron con el personal de las delegaciones departamentales, del \u00e1rea Distribuci\u00f3n Matriz y de Equipos y Servicios del Departamento de Hidr\u00e1ulica que desarrolla un plan de trabajo continuo para avanzar, en cada localidad, en la restituci\u00f3n del servicio.<\/p>\n<p><img loading=\"lazy\" decoding=\"async\" class=\"alignnone size-full wp-image-82105\" src=\"https:\/\/vocesparalelas.com.ar\/sitio\/wp-content\/uploads\/2025\/01\/HIDRAULICA-02.jpg\" alt=\"\" width=\"800\" height=\"509\" srcset=\"https:\/\/vocesparalelas.com.ar\/sitio\/wp-content\/uploads\/2025\/01\/HIDRAULICA-02.jpg 800w, https:\/\/vocesparalelas.com.ar\/sitio\/wp-content\/uploads\/2025\/01\/HIDRAULICA-02-300x191.jpg 300w, https:\/\/vocesparalelas.com.ar\/sitio\/wp-content\/uploads\/2025\/01\/HIDRAULICA-02-768x489.jpg 768w\" sizes=\"auto, (max-width: 800px) 100vw, 800px\" \/><\/p>\n","protected":false},"excerpt":{"rendered":"<p>El personal operativo del Departamento de Hidr\u00e1ulica, trabaja activamente en la restituci\u00f3n de canales, tomas, drenes y otras obras de<\/p>\n","protected":false},"author":3,"featured_media":82104,"comment_status":"closed","ping_status":"closed","sticky":false,"template":"","format":"standard","meta":{"_acf_changed":false,"_seopress_robots_primary_cat":"none","_seopress_titles_title":"","_seopress_titles_desc":"","_seopress_robots_index":"","colormag_page_container_layout":"default_layout","colormag_page_sidebar_layout":"default_layout","footnotes":""},"categories":[6],"tags":[],"class_list":["post-82101","post","type-post","status-publish","format-standard","has-post-thumbnail","hentry","category-eventos"],"acf":[],"_links":{"self":[{"href":"https:\/\/vocesparalelas.com.ar\/sitio\/wp-json\/wp\/v2\/posts\/82101","targetHints":{"allow":["GET"]}}],"collection":[{"href":"https:\/\/vocesparalelas.com.ar\/sitio\/wp-json\/wp\/v2\/posts"}],"about":[{"href":"https:\/\/vocesparalelas.com.ar\/sitio\/wp-json\/wp\/v2\/types\/post"}],"author":[{"embeddable":true,"href":"https:\/\/vocesparalelas.com.ar\/sitio\/wp-json\/wp\/v2\/users\/3"}],"replies":[{"embeddable":true,"href":"https:\/\/vocesparalelas.com.ar\/sitio\/wp-json\/wp\/v2\/comments?post=82101"}],"version-history":[{"count":1,"href":"https:\/\/vocesparalelas.com.ar\/sitio\/wp-json\/wp\/v2\/posts\/82101\/revisions"}],"predecessor-version":[{"id":82106,"href":"https:\/\/vocesparalelas.com.ar\/sitio\/wp-json\/wp\/v2\/posts\/82101\/revisions\/82106"}],"wp:featuredmedia":[{"embeddable":true,"href":"https:\/\/vocesparalelas.com.ar\/sitio\/wp-json\/wp\/v2\/media\/82104"}],"wp:attachment":[{"href":"https:\/\/vocesparalelas.com.ar\/sitio\/wp-json\/wp\/v2\/media?parent=82101"}],"wp:term":[{"taxonomy":"category","embeddable":true,"href":"https:\/\/vocesparalelas.com.ar\/sitio\/wp-json\/wp\/v2\/categories?post=82101"},{"taxonomy":"post_tag","embeddable":true,"href":"https:\/\/vocesparalelas.com.ar\/sitio\/wp-json\/wp\/v2\/tags?post=82101"}],"curies":[{"name":"wp","href":"https:\/\/api.w.org\/{rel}","templated":true}]}}