{"id":82092,"date":"2025-01-31T12:56:52","date_gmt":"2025-01-31T15:56:52","guid":{"rendered":"https:\/\/vocesparalelas.com.ar\/sitio\/?p=82092"},"modified":"2025-02-02T12:10:20","modified_gmt":"2025-02-02T15:10:20","slug":"ciclo-de-cine-para-la-familia-en-san-juan","status":"publish","type":"post","link":"https:\/\/vocesparalelas.com.ar\/sitio\/ciclo-de-cine-para-la-familia-en-san-juan\/","title":{"rendered":"Ciclo de Cine para la familia en San Juan"},"content":{"rendered":"<p>Durante Febrero 2025, la Direcci\u00f3n de Bibliotecas Populares &#8211; DBP &#8211; perteneciente al Ministerio de Turismo, Cultura y Deporte del Gobierno de San Juan contin\u00faa con el Ciclo de Cine, especialmente para quienes disfrutan de las pel\u00edculas animadas, en Las Heras esquina 25 de Mayo,\u00a0a las\u00a018:30 hs,\u00a0con entrada libre y gratuita. Adem\u00e1s, se incluye una bolsa de pochoclo para disfrutar la proyecci\u00f3n.<\/p>\n<p>Desde el S\u00e1bado, 1 de Febrero, se proyectan algunos de los films que compiten por el Oscar y otros premiados a nivel internacional.\u00a0Est\u00e1n pensadas para que grandes y ni\u00f1os puedan compartir la actividad en familia.<\/p>\n<p><strong><span style=\"color: #ff6600;\">Programa<\/span><\/strong><\/p>\n<ul>\n<li>S\u00e1bado, 01 de Febrero, \u201cEl Perro Samurai\u00bb<\/li>\n<\/ul>\n<p><iframe loading=\"lazy\" title=\"El Perro Samur\u00e1i | Tr\u00e1iler oficial (DOBLADO) | Paramount Pictures M\u00e9xico\" width=\"800\" height=\"450\" src=\"https:\/\/www.youtube.com\/embed\/IFuzYeGq-mI?feature=oembed\" frameborder=\"0\" allow=\"accelerometer; autoplay; clipboard-write; encrypted-media; gyroscope; picture-in-picture; web-share\" referrerpolicy=\"strict-origin-when-cross-origin\" allowfullscreen><\/iframe><\/p>\n<ul>\n<li>S\u00e1bado, 08 de Febrero, \u00abEl Drag\u00f3n de mi Padre\u00bb<\/li>\n<\/ul>\n<p><iframe loading=\"lazy\" title=\"My Fathers Dragon Official Trailer Netflix\" width=\"800\" height=\"450\" src=\"https:\/\/www.youtube.com\/embed\/eWcNg2Do6SM?feature=oembed\" frameborder=\"0\" allow=\"accelerometer; autoplay; clipboard-write; encrypted-media; gyroscope; picture-in-picture; web-share\" referrerpolicy=\"strict-origin-when-cross-origin\" allowfullscreen><\/iframe><\/p>\n<ul>\n<li>S\u00e1bado, 15 de Febrero, \u00abIntensa &#8211; Mente\u00bb, la exitosa pel\u00edcula de Pixar que explora las emociones de una ni\u00f1a mientras enfrenta un cambio importante en su vida.<\/li>\n<\/ul>\n<p><iframe loading=\"lazy\" title=\"Vice-Versa - Nouvelle bande-annonce I Disney\" width=\"800\" height=\"450\" src=\"https:\/\/www.youtube.com\/embed\/J4_8jijwNs0?feature=oembed\" frameborder=\"0\" allow=\"accelerometer; autoplay; clipboard-write; encrypted-media; gyroscope; picture-in-picture; web-share\" referrerpolicy=\"strict-origin-when-cross-origin\" allowfullscreen><\/iframe><\/p>\n<ul>\n<li>S\u00e1bado, 22 de Febrero, \u00abEl Ni\u00f1o y la Garza\u00bb, una obra encantadora que explora la relaci\u00f3n de un ni\u00f1o con la naturaleza y los seres fant\u00e1sticos y que result\u00f3 ganadora del Oscar 2024 a mejor pel\u00edcula de animaci\u00f3n.<\/li>\n<\/ul>\n<p><iframe loading=\"lazy\" title=\"THE BOY AND THE HERON | Official English Trailer\" width=\"800\" height=\"450\" src=\"https:\/\/www.youtube.com\/embed\/t5khm-VjEu4?feature=oembed\" frameborder=\"0\" allow=\"accelerometer; autoplay; clipboard-write; encrypted-media; gyroscope; picture-in-picture; web-share\" referrerpolicy=\"strict-origin-when-cross-origin\" allowfullscreen><\/iframe><\/p>\n<p>&nbsp;<\/p>\n<p>&nbsp;<\/p>\n","protected":false},"excerpt":{"rendered":"<p>Durante Febrero 2025, la Direcci\u00f3n de Bibliotecas Populares &#8211; DBP &#8211; perteneciente al Ministerio de Turismo, Cultura y Deporte del<\/p>\n","protected":false},"author":3,"featured_media":50478,"comment_status":"closed","ping_status":"closed","sticky":false,"template":"","format":"standard","meta":{"_acf_changed":false,"_seopress_robots_primary_cat":"none","_seopress_titles_title":"","_seopress_titles_desc":"","_seopress_robots_index":"","colormag_page_container_layout":"default_layout","colormag_page_sidebar_layout":"default_layout","footnotes":""},"categories":[20,7],"tags":[],"class_list":["post-82092","post","type-post","status-publish","format-standard","has-post-thumbnail","hentry","category-cartelera","category-videos"],"acf":[],"_links":{"self":[{"href":"https:\/\/vocesparalelas.com.ar\/sitio\/wp-json\/wp\/v2\/posts\/82092","targetHints":{"allow":["GET"]}}],"collection":[{"href":"https:\/\/vocesparalelas.com.ar\/sitio\/wp-json\/wp\/v2\/posts"}],"about":[{"href":"https:\/\/vocesparalelas.com.ar\/sitio\/wp-json\/wp\/v2\/types\/post"}],"author":[{"embeddable":true,"href":"https:\/\/vocesparalelas.com.ar\/sitio\/wp-json\/wp\/v2\/users\/3"}],"replies":[{"embeddable":true,"href":"https:\/\/vocesparalelas.com.ar\/sitio\/wp-json\/wp\/v2\/comments?post=82092"}],"version-history":[{"count":1,"href":"https:\/\/vocesparalelas.com.ar\/sitio\/wp-json\/wp\/v2\/posts\/82092\/revisions"}],"predecessor-version":[{"id":82095,"href":"https:\/\/vocesparalelas.com.ar\/sitio\/wp-json\/wp\/v2\/posts\/82092\/revisions\/82095"}],"wp:featuredmedia":[{"embeddable":true,"href":"https:\/\/vocesparalelas.com.ar\/sitio\/wp-json\/wp\/v2\/media\/50478"}],"wp:attachment":[{"href":"https:\/\/vocesparalelas.com.ar\/sitio\/wp-json\/wp\/v2\/media?parent=82092"}],"wp:term":[{"taxonomy":"category","embeddable":true,"href":"https:\/\/vocesparalelas.com.ar\/sitio\/wp-json\/wp\/v2\/categories?post=82092"},{"taxonomy":"post_tag","embeddable":true,"href":"https:\/\/vocesparalelas.com.ar\/sitio\/wp-json\/wp\/v2\/tags?post=82092"}],"curies":[{"name":"wp","href":"https:\/\/api.w.org\/{rel}","templated":true}]}}