{"id":82080,"date":"2025-01-30T21:12:30","date_gmt":"2025-01-31T00:12:30","guid":{"rendered":"https:\/\/vocesparalelas.com.ar\/sitio\/?p=82080"},"modified":"2025-01-31T21:20:03","modified_gmt":"2025-02-01T00:20:03","slug":"disfruta-en-familia-la-liga-federal-de-voleibol-femenina-y-masculina-en-san-juan","status":"publish","type":"post","link":"https:\/\/vocesparalelas.com.ar\/sitio\/disfruta-en-familia-la-liga-federal-de-voleibol-femenina-y-masculina-en-san-juan\/","title":{"rendered":"Disfruta en familia la Liga Federal de Voleibol femenina y masculina en San Juan"},"content":{"rendered":"<p>En conferencia de prensa en la sala Dante Pantuso del estadio Aldo Cantoni, se realiz\u00f3 el Mi\u00e9rcoles, 29 de Enero, la presentaci\u00f3n de la Liga Federal de Voleibol\u00a0femenina y masculina, que disputar\u00e1n en San Juan la chance de ascenso con dos plazas disponibles por cada rama para la pr\u00f3xima Liga Nacional.<\/p>\n<p>Con la participaci\u00f3n de 28 equipos en rama masculina, divididos en cinco zonas y entre ellos tres equipos de San Juan:\u00a0Ausonia, Banco Hispano y Huazihul. En la rama femenina participan 19 equipos distribuidos en cuatro zonas y la presencia de seis equipos locales:\u00a0UNSJ, Banco Hispano, Obras, UPCN, UVT y Uni\u00f3n Amigas por el V\u00f3ley.<\/p>\n<p>Los equipos llegar\u00e1n a San Juan el domingo 2 de febrero, comenzando a competir el lunes 3 en la fase regular que se extender\u00e1 hasta el viernes 7. De ah\u00ed saldr\u00e1n los clasificados para la pr\u00f3xima instancia que culminar\u00e1 con las finales el martes 11 de febrero. Cabe destacar, que los equipos que lleguen a la final, lograr\u00e1n el ascenso a la Liga Nacional.<\/p>\n<p>De la presentaci\u00f3n participaron el secretario de Deporte,\u00a0Pablo Tabachnik, el subsecretario de Deporte Federado,\u00a0Santiago de la Torre, el director de Deporte Federado,\u00a0Daniel Kenan, el presidente de la Federaci\u00f3n Sanjuanina de Voleibol (FSV),\u00a0Pablo Lueje\u00a0y el vicepresidente de la FSV,\u00a0Mauricio Corradi.<\/p>\n<p>El\u00a0secretario Tabachnik\u00a0destac\u00f3 la importancia del apoyo del\u00a0Gobierno de San Juan\u00a0para la realizaci\u00f3n de esta Liga Federal: \u201cEn la A2 est\u00e1n siendo apoyados y acompa\u00f1ados por la gesti\u00f3n de deporte del gobernador\u00a0Marcelo Orrego, al cual agradecemos obviamente por estar presente en cada una de las decisiones, se involucra personalmente con la Liga Federal, con el apoyo a cada uno de los equipos. Para la provincia es una gran oportunidad deportiva, porque algunos equipos que van a estar participando seguramente va a ser mucho m\u00e1s complejo poder realizarlo fuera, en otra provincia. Es por ello que me parece que es una gran oportunidad para los clubes locales, para que sus jugadores adquieran experiencia, tengan el \u00e9xito deportivo que ellos desean. Y es ese un poco la misi\u00f3n para la cual ha trabajado tanto la Federaci\u00f3n y obviamente la Secretar\u00eda de Deporte\u201d.<\/p>\n<p>Adem\u00e1s del beneficio deportivo, entre los varios aspectos positivos que representa ser sede de una Liga Federal, como lo es convocatoria, aspectos tur\u00edsticos o promoci\u00f3n provincial, debemos mencionar el legado, gesti\u00f3n que se programa junto a cada evento deportivo, para buscar el mayor beneficio para nuestra provincia. Al respecto, el secretario de Deporte coment\u00f3: \u201cAlgo muy importante que se plante\u00f3 desde un primer momento, y era el legado deportivo en cada uno de los eventos importantes. En este caso tenemos como legado, no solamente la participaci\u00f3n de las\u00a0selecciones U17, U19 masculino y U17 femenino, sino tambi\u00e9n la llegada de\u00a0Daniel Castellani, quien dar\u00e1 conferencias el d\u00eda domingo, lunes y martes, para actualizar los contenidos de los entrenadores de la provincia, en la parte te\u00f3rica, en la parte pr\u00e1ctica, y bueno, me parece que eso contribuye mucho al desarrollo de la actividad, de la formaci\u00f3n. Uno de nuestros lemas es la construcci\u00f3n de valores a trav\u00e9s del deporte. Me parece que esto lo cumple y con creses por la figura de Daniel Castellani y por la misi\u00f3n que viene a realizar\u201d confirmando la presencia del prestigioso entrenador nacional.<\/p>\n<p>Destacando que la fiscalizaci\u00f3n le corresponde a FeVA,\u00a0Federaci\u00f3n del Voleibol Argentino y la organizaci\u00f3n recae en las manos de la FSV,\u00a0Federaci\u00f3n Sanjuanina de Voleibol, con el apoyo del\u00a0Ministerio de Turismo, Cultura y Deporte, a trav\u00e9s de la\u00a0Secretar\u00eda de Deporte, quienes confirmaron el ingreso libre a cada uno de los escenarios dispuestos para la competencia. Por ello, la\u00a0entrada el libre y gratuita\u00a0para los partidos de esta liga a disputarse en el\u00a0vel\u00f3dromo Vicente Alejo Chancay, en el\u00a0Estadio de UPCN\u00a0y en el\u00a0Estadio Aldo Cantoni.<\/p>\n<p>El presidente de la Federaci\u00f3n Sanjuanina de V\u00f3leibol,\u00a0Pablo Lueje, coment\u00f3: \u201cLa verdad que para nosotros como Federaci\u00f3n es un orgullo que la Federaci\u00f3n del V\u00f3leibol Argentino siga confiando en nosotros para seguir trayendo eventos de importancia para nuestro deporte y para la provincia. Vamos a tener la visita de 28 equipos masculinos dentro de ellos es muy importante aclarar que vienen dos planteles de la selecci\u00f3n argentina menor de v\u00f3ley U17 y U19 y la selecci\u00f3n femenina argentina U17 que est\u00e1n usando estas competencias de esta envergadura para poder potenciar su juego ya que este a\u00f1o tienen compromisos mundiales de la categor\u00eda\u201d.<\/p>\n<p>El fixture del primer d\u00eda de competencia, es el siguiente:<\/p>\n<p><span style=\"color: #ff6600;\"><strong>Lunes 3 de febrero \u2013 Fase Regular<br \/>\n<\/strong><\/span><\/p>\n<p><span style=\"color: #ff6600;\"><strong>Estadio Aldo Cantoni<\/strong><\/span><\/p>\n<p><span style=\"color: #ff6600;\">09:00 &#8211; C.A. Defensor<\/span>es del Norte vs Selecci\u00f3n Argentina U19 \u2013 Masculino<br \/>\n10:30 &#8211; Sonder Rosario vs Escuela Municipal V\u00f3ley Baradero \u2013 Masculino<br \/>\n17:30 &#8211; Club Na\u00fatico Sp. Avellaneda vs Esc. Municipal Puerto San Juli\u00e1n \u2013 Masculino<br \/>\n19:00 &#8211; E.I. Mariano Moreno vs\u00a0<strong>Ausonia San Juan<\/strong>\u00a0\u2013 Masculino<br \/>\n20:30 &#8211;\u00a0<strong>Club Hispano San Juan<\/strong>\u00a0vs Club Defensores de Moreno \u2013 Masculino<\/p>\n<p><span style=\"color: #ff6600;\"><strong>Vel\u00f3dromo Vicente Chancay \u2013 Cancha 1<\/strong><\/span><\/p>\n<p>09:00 &#8211; Citta Voley vs Centro Integral Deportivo \u2013 Masculino<br \/>\n10:30 &#8211; C C.S. y D. La Calera vs Escuela Madrynense de V\u00f3ley \u2013 Masculino<br \/>\n17:30 &#8211; C U.V. de Fomento Gral Belgrano vs San Marcos V\u00f3ley \u2013 Masculino<br \/>\n19:00 &#8211; Gimnasia y Esgrima La Plata vs Club Atl\u00e9tico Liniers \u2013 Masculino<br \/>\n20:30 &#8211; Club de Regatas Rosario vs\u00a0<strong>Huazihul V\u00f3ley San Juan<\/strong>\u00a0\u2013 Masculino<\/p>\n<p><span style=\"color: #ff6600;\"><strong>Vel\u00f3dromo Vicente Chancay \u2013 Cancha 2<\/strong><\/span><\/p>\n<p>09:00 &#8211; Gimnasia y Esgrima Santa Fe vs Club Atl\u00e9tico Ciudad de Nieva \u2013 Masculino<br \/>\n10:30 &#8211; Instituto Cultural Argentino vs C.S. y D. Pirque \u2013 Masculino<br \/>\n17:30 &#8211; Estudiantes de La Plata vs Selecci\u00f3n Argentina U17 \u2013 Masculino<br \/>\n19:00 &#8211; C.D. y C Uni\u00f3n Oncativo vs\u00a0<strong>UVT San Juan<\/strong>\u00a0\u2013 Femenino<br \/>\n20:30 &#8211;\u00a0<strong>Obras Sanitarias de San Juan<\/strong>\u00a0vs Escuela Municipal Choique \u2013 Femenino<\/p>\n<p><span style=\"color: #ff6600;\"><strong>Vel\u00f3dromo Vicente Chancay \u2013 Cancha 3<\/strong><\/span><\/p>\n<p>09:00 &#8211; Munic. Gral. San Mart\u00edn vs\u00a0<strong>Uni\u00f3n de Amigas por el V\u00f3ley<\/strong>\u00a0<strong>San Juan<\/strong>\u00a0\u2013 Femenino<br \/>\n10:30 &#8211;\u00a0<strong>Club Hispano San Juan\u00a0<\/strong>vs Club Juventud Agraria \u2013 Femenino<br \/>\n17:30 &#8211; Club Mendoza de Regatas vs Selecci\u00f3n Argentina \u2013 Femenino<br \/>\n19:00 &#8211;<strong>\u00a0UPCN San Juan V\u00f3ley Club<\/strong>\u00a0vs Escuela Municipal V\u00f3ley Baradero \u2013 Femenino<br \/>\n20:30 &#8211;\u00a0<strong>Universidad Nacional de San Juan<\/strong>\u00a0vs C.D. y B.P.I Almafuerte \u2013 Femenino<\/p>\n<p>&nbsp;<\/p>\n<p><img loading=\"lazy\" decoding=\"async\" class=\"alignnone size-large wp-image-9504\" src=\"https:\/\/vocesparalelas.com.ar\/sitio\/wp-content\/uploads\/2018\/01\/VOLEY-800x532.jpg\" alt=\"\" width=\"800\" height=\"532\" srcset=\"https:\/\/vocesparalelas.com.ar\/sitio\/wp-content\/uploads\/2018\/01\/VOLEY-800x532.jpg 800w, https:\/\/vocesparalelas.com.ar\/sitio\/wp-content\/uploads\/2018\/01\/VOLEY-300x200.jpg 300w, https:\/\/vocesparalelas.com.ar\/sitio\/wp-content\/uploads\/2018\/01\/VOLEY-768x511.jpg 768w, https:\/\/vocesparalelas.com.ar\/sitio\/wp-content\/uploads\/2018\/01\/VOLEY.jpg 1000w\" sizes=\"auto, (max-width: 800px) 100vw, 800px\" \/><\/p>\n","protected":false},"excerpt":{"rendered":"<p>En conferencia de prensa en la sala Dante Pantuso del estadio Aldo Cantoni, se realiz\u00f3 el Mi\u00e9rcoles, 29 de Enero,<\/p>\n","protected":false},"author":3,"featured_media":82083,"comment_status":"closed","ping_status":"closed","sticky":false,"template":"","format":"standard","meta":{"_acf_changed":false,"_seopress_robots_primary_cat":"none","_seopress_titles_title":"","_seopress_titles_desc":"","_seopress_robots_index":"","colormag_page_container_layout":"default_layout","colormag_page_sidebar_layout":"default_layout","footnotes":""},"categories":[6],"tags":[],"class_list":["post-82080","post","type-post","status-publish","format-standard","has-post-thumbnail","hentry","category-eventos"],"acf":[],"_links":{"self":[{"href":"https:\/\/vocesparalelas.com.ar\/sitio\/wp-json\/wp\/v2\/posts\/82080","targetHints":{"allow":["GET"]}}],"collection":[{"href":"https:\/\/vocesparalelas.com.ar\/sitio\/wp-json\/wp\/v2\/posts"}],"about":[{"href":"https:\/\/vocesparalelas.com.ar\/sitio\/wp-json\/wp\/v2\/types\/post"}],"author":[{"embeddable":true,"href":"https:\/\/vocesparalelas.com.ar\/sitio\/wp-json\/wp\/v2\/users\/3"}],"replies":[{"embeddable":true,"href":"https:\/\/vocesparalelas.com.ar\/sitio\/wp-json\/wp\/v2\/comments?post=82080"}],"version-history":[{"count":1,"href":"https:\/\/vocesparalelas.com.ar\/sitio\/wp-json\/wp\/v2\/posts\/82080\/revisions"}],"predecessor-version":[{"id":82084,"href":"https:\/\/vocesparalelas.com.ar\/sitio\/wp-json\/wp\/v2\/posts\/82080\/revisions\/82084"}],"wp:featuredmedia":[{"embeddable":true,"href":"https:\/\/vocesparalelas.com.ar\/sitio\/wp-json\/wp\/v2\/media\/82083"}],"wp:attachment":[{"href":"https:\/\/vocesparalelas.com.ar\/sitio\/wp-json\/wp\/v2\/media?parent=82080"}],"wp:term":[{"taxonomy":"category","embeddable":true,"href":"https:\/\/vocesparalelas.com.ar\/sitio\/wp-json\/wp\/v2\/categories?post=82080"},{"taxonomy":"post_tag","embeddable":true,"href":"https:\/\/vocesparalelas.com.ar\/sitio\/wp-json\/wp\/v2\/tags?post=82080"}],"curies":[{"name":"wp","href":"https:\/\/api.w.org\/{rel}","templated":true}]}}