{"id":82073,"date":"2025-01-30T22:50:01","date_gmt":"2025-01-31T01:50:01","guid":{"rendered":"https:\/\/vocesparalelas.com.ar\/sitio\/?p=82073"},"modified":"2025-02-01T20:27:18","modified_gmt":"2025-02-01T23:27:18","slug":"cronograma-acto-de-traslado-e-ingreso-a-la-docencia-2025-de-educacion-de-san-juan","status":"publish","type":"post","link":"https:\/\/vocesparalelas.com.ar\/sitio\/cronograma-acto-de-traslado-e-ingreso-a-la-docencia-2025-de-educacion-de-san-juan\/","title":{"rendered":"Cronograma \u00abActo de Traslado e Ingreso a la Docencia 2025\u00bb de Educaci\u00f3n de San Juan"},"content":{"rendered":"<p>El Ministerio de Educaci\u00f3n del Gobierno de San Juan, a trav\u00e9s de la Junta de Clasificaci\u00f3n Docente Rama Primaria, informa el cronograma de Actos de Traslados Preferenciales y Ordinarios e Ingreso a la Docencia 2025, a desarrollarse desde el Mi\u00e9rcoles, 5 de Febrero, en el Centro de Convenciones \u201cGuillermo Barrena Guzm\u00e1n\u201d, Las Heras y 25 de Mayo, Departamento Capital.<\/p>\n<p>As\u00ed mismo se les recuerda a los docentes que la Isla del Ministerio de Educaci\u00f3n, planta baja del Centro C\u00edvico atiende de Lunes a Viernes, de 7.30 a 17 hs. para la entrega de certificados de antecedentes, que no sean solicitados por primera vez y planilla prontuarial, las cuales deben tener fecha del a\u00f1o 2025. En caso de solicitar certificados de antecedentes por primera vez deben hacerlo en dependencias de la Polic\u00eda de la Provincia de San Juan.<\/p>\n<p>Las especialidades que a continuaci\u00f3n se detallan, son las informadas por las direcciones de \u00c1rea con cargos vacantes al 31 de Diciembre de 2024.<\/p>\n<p><strong><span style=\"color: #ff6600;\">Cronograma<\/span><\/strong><\/p>\n<p><img loading=\"lazy\" decoding=\"async\" class=\"alignnone size-large wp-image-82077\" src=\"https:\/\/vocesparalelas.com.ar\/sitio\/wp-content\/uploads\/2025\/01\/EDUCACION-CRONOGRAMA-02-634x800.jpg\" alt=\"\" width=\"634\" height=\"800\" srcset=\"https:\/\/vocesparalelas.com.ar\/sitio\/wp-content\/uploads\/2025\/01\/EDUCACION-CRONOGRAMA-02-634x800.jpg 634w, https:\/\/vocesparalelas.com.ar\/sitio\/wp-content\/uploads\/2025\/01\/EDUCACION-CRONOGRAMA-02-238x300.jpg 238w, https:\/\/vocesparalelas.com.ar\/sitio\/wp-content\/uploads\/2025\/01\/EDUCACION-CRONOGRAMA-02-768x970.jpg 768w, https:\/\/vocesparalelas.com.ar\/sitio\/wp-content\/uploads\/2025\/01\/EDUCACION-CRONOGRAMA-02.jpg 800w\" sizes=\"auto, (max-width: 634px) 100vw, 634px\" \/><\/p>\n<p><img loading=\"lazy\" decoding=\"async\" class=\"alignnone size-full wp-image-82076\" src=\"https:\/\/vocesparalelas.com.ar\/sitio\/wp-content\/uploads\/2025\/01\/EDUCACION-CRONOGRAMA-01.jpg\" alt=\"\" width=\"800\" height=\"748\" srcset=\"https:\/\/vocesparalelas.com.ar\/sitio\/wp-content\/uploads\/2025\/01\/EDUCACION-CRONOGRAMA-01.jpg 800w, https:\/\/vocesparalelas.com.ar\/sitio\/wp-content\/uploads\/2025\/01\/EDUCACION-CRONOGRAMA-01-300x281.jpg 300w, https:\/\/vocesparalelas.com.ar\/sitio\/wp-content\/uploads\/2025\/01\/EDUCACION-CRONOGRAMA-01-768x718.jpg 768w\" sizes=\"auto, (max-width: 800px) 100vw, 800px\" \/><\/p>\n<p><img loading=\"lazy\" decoding=\"async\" class=\"alignnone size-large wp-image-82078\" src=\"https:\/\/vocesparalelas.com.ar\/sitio\/wp-content\/uploads\/2025\/01\/EDUCACION-CRONOGRAMA-03-656x800.jpg\" alt=\"\" width=\"656\" height=\"800\" srcset=\"https:\/\/vocesparalelas.com.ar\/sitio\/wp-content\/uploads\/2025\/01\/EDUCACION-CRONOGRAMA-03-656x800.jpg 656w, https:\/\/vocesparalelas.com.ar\/sitio\/wp-content\/uploads\/2025\/01\/EDUCACION-CRONOGRAMA-03-246x300.jpg 246w, https:\/\/vocesparalelas.com.ar\/sitio\/wp-content\/uploads\/2025\/01\/EDUCACION-CRONOGRAMA-03-768x936.jpg 768w, https:\/\/vocesparalelas.com.ar\/sitio\/wp-content\/uploads\/2025\/01\/EDUCACION-CRONOGRAMA-03.jpg 800w\" sizes=\"auto, (max-width: 656px) 100vw, 656px\" \/><\/p>\n<p><img loading=\"lazy\" decoding=\"async\" class=\"alignnone size-full wp-image-28629\" src=\"https:\/\/vocesparalelas.com.ar\/sitio\/wp-content\/uploads\/2020\/05\/MINISTERIO-EDUCACION-SJ.jpg\" alt=\"\" width=\"800\" height=\"533\" srcset=\"https:\/\/vocesparalelas.com.ar\/sitio\/wp-content\/uploads\/2020\/05\/MINISTERIO-EDUCACION-SJ.jpg 800w, https:\/\/vocesparalelas.com.ar\/sitio\/wp-content\/uploads\/2020\/05\/MINISTERIO-EDUCACION-SJ-300x200.jpg 300w, https:\/\/vocesparalelas.com.ar\/sitio\/wp-content\/uploads\/2020\/05\/MINISTERIO-EDUCACION-SJ-768x512.jpg 768w\" sizes=\"auto, (max-width: 800px) 100vw, 800px\" \/><\/p>\n","protected":false},"excerpt":{"rendered":"<p>El Ministerio de Educaci\u00f3n del Gobierno de San Juan, a trav\u00e9s de la Junta de Clasificaci\u00f3n Docente Rama Primaria, informa<\/p>\n","protected":false},"author":3,"featured_media":18988,"comment_status":"closed","ping_status":"closed","sticky":false,"template":"","format":"standard","meta":{"_acf_changed":false,"_seopress_robots_primary_cat":"none","_seopress_titles_title":"","_seopress_titles_desc":"","_seopress_robots_index":"","colormag_page_container_layout":"default_layout","colormag_page_sidebar_layout":"default_layout","footnotes":""},"categories":[8],"tags":[],"class_list":["post-82073","post","type-post","status-publish","format-standard","has-post-thumbnail","hentry","category-concursos"],"acf":[],"_links":{"self":[{"href":"https:\/\/vocesparalelas.com.ar\/sitio\/wp-json\/wp\/v2\/posts\/82073","targetHints":{"allow":["GET"]}}],"collection":[{"href":"https:\/\/vocesparalelas.com.ar\/sitio\/wp-json\/wp\/v2\/posts"}],"about":[{"href":"https:\/\/vocesparalelas.com.ar\/sitio\/wp-json\/wp\/v2\/types\/post"}],"author":[{"embeddable":true,"href":"https:\/\/vocesparalelas.com.ar\/sitio\/wp-json\/wp\/v2\/users\/3"}],"replies":[{"embeddable":true,"href":"https:\/\/vocesparalelas.com.ar\/sitio\/wp-json\/wp\/v2\/comments?post=82073"}],"version-history":[{"count":2,"href":"https:\/\/vocesparalelas.com.ar\/sitio\/wp-json\/wp\/v2\/posts\/82073\/revisions"}],"predecessor-version":[{"id":82091,"href":"https:\/\/vocesparalelas.com.ar\/sitio\/wp-json\/wp\/v2\/posts\/82073\/revisions\/82091"}],"wp:featuredmedia":[{"embeddable":true,"href":"https:\/\/vocesparalelas.com.ar\/sitio\/wp-json\/wp\/v2\/media\/18988"}],"wp:attachment":[{"href":"https:\/\/vocesparalelas.com.ar\/sitio\/wp-json\/wp\/v2\/media?parent=82073"}],"wp:term":[{"taxonomy":"category","embeddable":true,"href":"https:\/\/vocesparalelas.com.ar\/sitio\/wp-json\/wp\/v2\/categories?post=82073"},{"taxonomy":"post_tag","embeddable":true,"href":"https:\/\/vocesparalelas.com.ar\/sitio\/wp-json\/wp\/v2\/tags?post=82073"}],"curies":[{"name":"wp","href":"https:\/\/api.w.org\/{rel}","templated":true}]}}