{"id":82051,"date":"2025-01-30T19:42:46","date_gmt":"2025-01-30T22:42:46","guid":{"rendered":"https:\/\/vocesparalelas.com.ar\/sitio\/?p=82051"},"modified":"2025-01-31T21:03:52","modified_gmt":"2025-02-01T00:03:52","slug":"experiencia-nocturna-imperdible-el-canto-de-las-ranas-en-el-el-parque-presidente-sarmiento-en-san-juan","status":"publish","type":"post","link":"https:\/\/vocesparalelas.com.ar\/sitio\/experiencia-nocturna-imperdible-el-canto-de-las-ranas-en-el-el-parque-presidente-sarmiento-en-san-juan\/","title":{"rendered":"Experiencia nocturna imperdible \u00abEl canto de las ranas\u00bb en el el Parque Presidente Sarmiento en San Juan"},"content":{"rendered":"<p>El Viernes, 31 de Enero, a las 21 hs.; el Parque Presidente Sarmiento es el escenario de una experiencia nocturna imperdible \u00abEl canto de las ranas\u00bb, en el marco del Programa \u201cVerano Verde\u201d de la Secretar\u00eda de Estado de Ambiente y Desarrollo Sustentable del Gobierno de San Juan.<\/p>\n<p>En esta oportunidad, los participantes va a conocer en profundidad acerca de las especies de anfibios que habitan la provincia y su rol fundamental en el ecosistema.<\/p>\n<p>El evento cuenta con la presencia del grupo de trabajo Especialistas en ecolog\u00eda y conservaci\u00f3n de anfibios, reptiles e invertebrados del desierto &#8211; ECRA.<\/p>\n<p>Adem\u00e1s, los asistentes recorren los senderos del Parque Presidente Sarmiento acompa\u00f1ados por Agentes de Conservaci\u00f3n, quienes brindan informaci\u00f3n sobre la flora del lugar. Tambi\u00e9n hay charlas educativas e interactivas dirigidas a la familia.<\/p>\n<p>La actividad es totalmente gratuita y los cupos son limitados. Para reservar un lugar, los interesados pueden inscribirse a trav\u00e9s de WhatsApp al 264 5108678 &#8211; solo mensajes.<\/p>\n<p>\u00abEl canto de las ranas\u00bb es una de las muchas propuestas de Verano Verde, una iniciativa que busca fomentar la conciencia ambiental y el disfrute de la naturaleza a trav\u00e9s de actividades como cine infantil y observaci\u00f3n astron\u00f3mica. Las actividades se desarrollan en el Parque de la Biodiversidad, el Parque Presidente Sarmiento y el Centro Ambiental Anchipurac.<\/p>\n<p><strong><span style=\"color: #008000;\">Otras actividades<\/span><\/strong><\/p>\n<p>El Parque Presidente Sarmiento tambi\u00e9n es sede de \u201cSerpientes de San Juan\u201d cuyo objetivo es lograr junto a un equipo de profesionales el reconocimiento de animales ponzo\u00f1osos que se encuentran en nuestra provincia, ara\u00f1as, escorpiones y serpientes.<\/p>\n<p>Por su parte en el Centro Ambiental Anchipurac se realiza, el Viernes, 14 de Febrero \u201cEnamorate del Anchi bajo la luna\u201d. Incluye degustaciones. Inscripci\u00f3n previa, cupos limitados.<\/p>\n<p><span style=\"color: #008000;\"><strong>Visitas Guiadas<\/strong><\/span><\/p>\n<p>Adem\u00e1s de las actividades especiales, la Secretar\u00eda de Ambiente fij\u00f3 horarios de verano para visitas guiadas durante enero y febrero. El Parque de la Biodiversidad puede visitarse de lunes a viernes de 8:00 a 12:00 hs, s\u00e1bados y domingos de 9:00 a 12:30 hs. Valor del ingreso $800, menores de 12 a\u00f1os, jubilados y personas con discapacidad no abonan. Las instituciones que deseen coordinar visitas deben hacerlo v\u00eda WhatsApp al 2646727832.<\/p>\n<p><img loading=\"lazy\" decoding=\"async\" class=\"alignnone size-full wp-image-75669\" src=\"https:\/\/vocesparalelas.com.ar\/sitio\/wp-content\/uploads\/2024\/08\/ANCHIPURAC-ISOLOGO-01.jpg\" alt=\"\" width=\"800\" height=\"450\" srcset=\"https:\/\/vocesparalelas.com.ar\/sitio\/wp-content\/uploads\/2024\/08\/ANCHIPURAC-ISOLOGO-01.jpg 800w, https:\/\/vocesparalelas.com.ar\/sitio\/wp-content\/uploads\/2024\/08\/ANCHIPURAC-ISOLOGO-01-300x169.jpg 300w, https:\/\/vocesparalelas.com.ar\/sitio\/wp-content\/uploads\/2024\/08\/ANCHIPURAC-ISOLOGO-01-768x432.jpg 768w\" sizes=\"auto, (max-width: 800px) 100vw, 800px\" \/><\/p>\n<p>El Centro Ambiental Anchipurac recibe visitantes de Lunes a Viernes, de 9 a 19 hs., S\u00e1bados y Domingos, de 17 a 21 hs. Para solicitar turnos y m\u00e1s informaci\u00f3n comunicarse los tel\u00e9fonos 4302912 \u00f3 2644125552, v\u00eda web a<\/p>\n<p><a href=\"http:\/\/anchipurac. sanjuan.gob.ar\">http:\/\/anchipurac. sanjuan.gob.ar<\/a><\/p>\n<p>Por su parte, el Parque Presidente Sarmiento puede visitarse de Martes a Domingo, de 8:30 a 10:30 hs y de 17:30 a 19:30. Actividad sin cargo. Consultas v\u00eda WhatsApp 264-5108678<\/p>\n<p>&nbsp;<\/p>\n<p><img loading=\"lazy\" decoding=\"async\" class=\"alignnone size-large wp-image-18375\" src=\"https:\/\/vocesparalelas.com.ar\/sitio\/wp-content\/uploads\/2019\/01\/AMBIENTE-CARTEL-800x496.jpg\" alt=\"\" width=\"800\" height=\"496\" srcset=\"https:\/\/vocesparalelas.com.ar\/sitio\/wp-content\/uploads\/2019\/01\/AMBIENTE-CARTEL-800x496.jpg 800w, https:\/\/vocesparalelas.com.ar\/sitio\/wp-content\/uploads\/2019\/01\/AMBIENTE-CARTEL-300x186.jpg 300w, https:\/\/vocesparalelas.com.ar\/sitio\/wp-content\/uploads\/2019\/01\/AMBIENTE-CARTEL-768x476.jpg 768w, https:\/\/vocesparalelas.com.ar\/sitio\/wp-content\/uploads\/2019\/01\/AMBIENTE-CARTEL.jpg 1000w\" sizes=\"auto, (max-width: 800px) 100vw, 800px\" \/><\/p>\n","protected":false},"excerpt":{"rendered":"<p>El Viernes, 31 de Enero, a las 21 hs.; el Parque Presidente Sarmiento es el escenario de una experiencia nocturna<\/p>\n","protected":false},"author":3,"featured_media":82054,"comment_status":"closed","ping_status":"closed","sticky":false,"template":"","format":"standard","meta":{"_acf_changed":false,"_seopress_robots_primary_cat":"none","_seopress_titles_title":"","_seopress_titles_desc":"","_seopress_robots_index":"","colormag_page_container_layout":"default_layout","colormag_page_sidebar_layout":"default_layout","footnotes":""},"categories":[20],"tags":[],"class_list":["post-82051","post","type-post","status-publish","format-standard","has-post-thumbnail","hentry","category-cartelera"],"acf":[],"_links":{"self":[{"href":"https:\/\/vocesparalelas.com.ar\/sitio\/wp-json\/wp\/v2\/posts\/82051","targetHints":{"allow":["GET"]}}],"collection":[{"href":"https:\/\/vocesparalelas.com.ar\/sitio\/wp-json\/wp\/v2\/posts"}],"about":[{"href":"https:\/\/vocesparalelas.com.ar\/sitio\/wp-json\/wp\/v2\/types\/post"}],"author":[{"embeddable":true,"href":"https:\/\/vocesparalelas.com.ar\/sitio\/wp-json\/wp\/v2\/users\/3"}],"replies":[{"embeddable":true,"href":"https:\/\/vocesparalelas.com.ar\/sitio\/wp-json\/wp\/v2\/comments?post=82051"}],"version-history":[{"count":3,"href":"https:\/\/vocesparalelas.com.ar\/sitio\/wp-json\/wp\/v2\/posts\/82051\/revisions"}],"predecessor-version":[{"id":82057,"href":"https:\/\/vocesparalelas.com.ar\/sitio\/wp-json\/wp\/v2\/posts\/82051\/revisions\/82057"}],"wp:featuredmedia":[{"embeddable":true,"href":"https:\/\/vocesparalelas.com.ar\/sitio\/wp-json\/wp\/v2\/media\/82054"}],"wp:attachment":[{"href":"https:\/\/vocesparalelas.com.ar\/sitio\/wp-json\/wp\/v2\/media?parent=82051"}],"wp:term":[{"taxonomy":"category","embeddable":true,"href":"https:\/\/vocesparalelas.com.ar\/sitio\/wp-json\/wp\/v2\/categories?post=82051"},{"taxonomy":"post_tag","embeddable":true,"href":"https:\/\/vocesparalelas.com.ar\/sitio\/wp-json\/wp\/v2\/tags?post=82051"}],"curies":[{"name":"wp","href":"https:\/\/api.w.org\/{rel}","templated":true}]}}