{"id":82032,"date":"2025-01-29T22:00:08","date_gmt":"2025-01-30T01:00:08","guid":{"rendered":"https:\/\/vocesparalelas.com.ar\/sitio\/?p=82032"},"modified":"2025-01-31T01:13:27","modified_gmt":"2025-01-31T04:13:27","slug":"convocatoria-publica-elecciones-para-las-ong-de-san-juan","status":"publish","type":"post","link":"https:\/\/vocesparalelas.com.ar\/sitio\/convocatoria-publica-elecciones-para-las-ong-de-san-juan\/","title":{"rendered":"Convocatoria p\u00fablica \u00abElecciones para las ONG de San Juan\u00bb"},"content":{"rendered":"<p>La Direcci\u00f3n de Personas con Discapacidad, dependiente del Ministerio de Familia y Desarrollo Humano del Gobierno de San Juan, convoca a las Organizaciones no Gubernamentales de la provincia que tienen por objeto trabajar por y para las personas con discapacidad, a registrarse en dicha Direcci\u00f3n; para posterior celebraci\u00f3n de una Asamblea Electiva Provincial; con el fin de poder participar de la elecci\u00f3n del representante titular y suplente local, que represente a la provincia de San Juan ante la Asamblea Nacional del Consejo Federal de Discapacidad &#8211; CO.FE.DIS.<\/p>\n<p>La Direcci\u00f3n de Personas con Discapacidad en uso de sus facultades que le confiere la Ley 24657 actuar\u00e1 como veedora del proceso eleccionario.<\/p>\n<p>Las ONG que pretendan participar de dicho acto, deber\u00e1n acreditar mediante sus estatutos la vinculaci\u00f3n con la tem\u00e1tica Discapacidad y deber\u00e1n:<\/p>\n<p>1) Hallarse inscripta en el Registro Provincial de Personas Jur\u00eddicas, y que dicha inscripci\u00f3n se encuentre vigente. La constancia que acredite el cumplimiento de dicho tr\u00e1mite deber\u00e1 haberse expedido, como m\u00e1ximo, dentro de los seis (6) meses anteriores a la elecci\u00f3n.<\/p>\n<p>2) Presentar copia certificada \u00edntegra de los estatutos sociales y sus modificaciones. Si de los estatutos no surgiera el car\u00e1cter de el o los firmantes, deber\u00e1 adjuntarse tambi\u00e9n copia certificada del acta donde se lo designe en tal cargo.<\/p>\n<p>3) Acreditar una antig\u00fcedad m\u00ednima, desde la fecha de presentaci\u00f3n del pedido de inscripci\u00f3n ante el Registro pertinente de Personas Jur\u00eddicas, de dos (2) a\u00f1os.<\/p>\n<p>4) Acompa\u00f1ar la n\u00f3mina de las autoridades vigentes al momento de la inscripci\u00f3n, la que tendr\u00e1 car\u00e1cter de declaraci\u00f3n jurada.<\/p>\n<ul>\n<li>Los interesados deben registrarse y acreditar copia de la documentaci\u00f3n requerida, a partir del 10 de febrero al 21 de febrero del corriente a\u00f1o, de 09:00 hs a 12.30 hs en la Direcci\u00f3n de Personas con Discapacidad (Depto. \u00c1rea T\u00e9cnica Programas y Proyectos ) en calle Rivadavia 641 (O) Capital.<\/li>\n<li>Tambi\u00e9n podr\u00e1n enviar la documentaci\u00f3n escaneada al siguiente correo:\u00a0<span id=\"cloak952c3585bdf9fc9300e23a9f49c9497f\"><a href=\"mailto:dpc.capacitacion@sanjuan.gov.ar\">dpc.capacitacion@sanjuan.gov.ar<\/a><\/span>, con los datos de contacto de la instituci\u00f3n (Referente, tel, mail).<\/li>\n<li>Consultas: Tel.4216606 o al email:\u00a0<span id=\"cloak005f30dad4684574e2bdf561bbe49fbb\"><a href=\"mailto:dpc.capacitacion@sanjuan.gov.ar\">dpc.capacitacion@sanjuan.gov.ar<\/a><\/span> o\u00a0<a href=\"http:\/\/dir.discapacidad.sanjuan.gov.ar\">http:\/\/dir.discapacidad.sanjuan.gov.ar<\/a><\/li>\n<\/ul>\n<p>La elecci\u00f3n se realiza el 28 de Febrero de 2025 a las 09.30 hs en las instalaciones de la Direcci\u00f3n de Personas con Discapacidad, con las ONGs que cumplan con los requisitos establecidos por el Reglamento de Funcionamiento del CO.FE.DIS (ANEXO III Ley 24.657).en las instalaciones de la Direcci\u00f3n de Personas con Discapacidad, con las ONGs que cumplan con los requisitos establecidos por el Reglamento de Funcionamiento del CO.FE.DIS (ANEXO III Ley 24.657).<\/p>\n<p><img loading=\"lazy\" decoding=\"async\" class=\"alignnone size-full wp-image-65642\" src=\"https:\/\/vocesparalelas.com.ar\/sitio\/wp-content\/uploads\/2023\/11\/GOBIERNO-SAN-JUAN.jpg\" alt=\"\" width=\"800\" height=\"600\" srcset=\"https:\/\/vocesparalelas.com.ar\/sitio\/wp-content\/uploads\/2023\/11\/GOBIERNO-SAN-JUAN.jpg 800w, https:\/\/vocesparalelas.com.ar\/sitio\/wp-content\/uploads\/2023\/11\/GOBIERNO-SAN-JUAN-300x225.jpg 300w, https:\/\/vocesparalelas.com.ar\/sitio\/wp-content\/uploads\/2023\/11\/GOBIERNO-SAN-JUAN-768x576.jpg 768w\" sizes=\"auto, (max-width: 800px) 100vw, 800px\" \/><\/p>\n","protected":false},"excerpt":{"rendered":"<p>La Direcci\u00f3n de Personas con Discapacidad, dependiente del Ministerio de Familia y Desarrollo Humano del Gobierno de San Juan, convoca<\/p>\n","protected":false},"author":3,"featured_media":21345,"comment_status":"closed","ping_status":"closed","sticky":false,"template":"","format":"standard","meta":{"_acf_changed":false,"_seopress_robots_primary_cat":"none","_seopress_titles_title":"","_seopress_titles_desc":"","_seopress_robots_index":"","colormag_page_container_layout":"default_layout","colormag_page_sidebar_layout":"default_layout","footnotes":""},"categories":[2],"tags":[],"class_list":["post-82032","post","type-post","status-publish","format-standard","has-post-thumbnail","hentry","category-convocatorias"],"acf":[],"_links":{"self":[{"href":"https:\/\/vocesparalelas.com.ar\/sitio\/wp-json\/wp\/v2\/posts\/82032","targetHints":{"allow":["GET"]}}],"collection":[{"href":"https:\/\/vocesparalelas.com.ar\/sitio\/wp-json\/wp\/v2\/posts"}],"about":[{"href":"https:\/\/vocesparalelas.com.ar\/sitio\/wp-json\/wp\/v2\/types\/post"}],"author":[{"embeddable":true,"href":"https:\/\/vocesparalelas.com.ar\/sitio\/wp-json\/wp\/v2\/users\/3"}],"replies":[{"embeddable":true,"href":"https:\/\/vocesparalelas.com.ar\/sitio\/wp-json\/wp\/v2\/comments?post=82032"}],"version-history":[{"count":1,"href":"https:\/\/vocesparalelas.com.ar\/sitio\/wp-json\/wp\/v2\/posts\/82032\/revisions"}],"predecessor-version":[{"id":82035,"href":"https:\/\/vocesparalelas.com.ar\/sitio\/wp-json\/wp\/v2\/posts\/82032\/revisions\/82035"}],"wp:featuredmedia":[{"embeddable":true,"href":"https:\/\/vocesparalelas.com.ar\/sitio\/wp-json\/wp\/v2\/media\/21345"}],"wp:attachment":[{"href":"https:\/\/vocesparalelas.com.ar\/sitio\/wp-json\/wp\/v2\/media?parent=82032"}],"wp:term":[{"taxonomy":"category","embeddable":true,"href":"https:\/\/vocesparalelas.com.ar\/sitio\/wp-json\/wp\/v2\/categories?post=82032"},{"taxonomy":"post_tag","embeddable":true,"href":"https:\/\/vocesparalelas.com.ar\/sitio\/wp-json\/wp\/v2\/tags?post=82032"}],"curies":[{"name":"wp","href":"https:\/\/api.w.org\/{rel}","templated":true}]}}