{"id":82021,"date":"2025-01-29T22:07:08","date_gmt":"2025-01-30T01:07:08","guid":{"rendered":"https:\/\/vocesparalelas.com.ar\/sitio\/?p=82021"},"modified":"2025-01-31T01:14:52","modified_gmt":"2025-01-31T04:14:52","slug":"el-hospital-san-roque-implemento-guardias-quirurgicas-activas-las-24-hs-departamento-jachal-san-juan","status":"publish","type":"post","link":"https:\/\/vocesparalelas.com.ar\/sitio\/el-hospital-san-roque-implemento-guardias-quirurgicas-activas-las-24-hs-departamento-jachal-san-juan\/","title":{"rendered":"El Hospital San Roque implement\u00f3 guardias quir\u00fargicas activas las 24 hs., Departamento J\u00e1chal, San Juan"},"content":{"rendered":"<p>El gobernador de San Juan, Dr. Marcelo Orrego y el ministro de Salud, Dr. Amilcar Dobladez, se reunieron para analizar los avances del nuevo sistema de cirug\u00edas implementado en los quir\u00f3fanos del interior de la provincia, destacando el impacto positivo en la atenci\u00f3n m\u00e9dica.<\/p>\n<p>Gracias a un convenio estrat\u00e9gico entre el Ministerio de Salud y la Asociaci\u00f3n Sanjuanina de Cirujanos, el Hospital San Roque de J\u00e1chal se convirti\u00f3 en un modelo de descentralizaci\u00f3n sanitaria al implementar guardias quir\u00fargicas activas las 24 horas.<\/p>\n<p>Desde su puesta en marcha, el 15 de Enero de 2025, se han alcanzado cifras hist\u00f3ricas en el n\u00famero de cirug\u00edas realizadas, beneficiando directamente a la comunidad.<\/p>\n<p><strong><span style=\"color: #ff0000;\">Resultados destacados en J\u00e1chal<\/span><\/strong><\/p>\n<p>En solo dos semanas, el equipo de profesionales compuesto por dos cirujanos, dos instrumentadores, un anestesista y un t\u00e9cnico anestesista realiz\u00f3:<\/p>\n<ul>\n<li>17 cirug\u00edas programadas, como ves\u00edculas y hernias.<\/li>\n<li>9 cirug\u00edas de urgencia, resolviendo casos cr\u00edticos como abdomen agudo, apendicitis y hernias atascadas, que antes deb\u00edan ser derivadas a la capital.<\/li>\n<li>12 cirug\u00edas ginecol\u00f3gicas, ampliando la cobertura m\u00e9dica en el departamento.<\/li>\n<\/ul>\n<p><strong><span style=\"color: #ff0000;\">Expansi\u00f3n del impacto<\/span><\/strong><\/p>\n<p>El convenio tambi\u00e9n ha duplicado la capacidad operativa de hospitales en otros departamentos, como Caucete, Albard\u00f3n, Angaco y Pocito. Por ejemplo, en Caucete las cirug\u00edas semanales pasaron de 6 a 12. Pr\u00f3ximamente, este sistema se implementar\u00e1 en Media Agua, Barreal y Valle F\u00e9rtil, fortaleciendo la cobertura en toda la provincia.<\/p>\n<p><strong><span style=\"color: #ff0000;\">Inversi\u00f3n estrat\u00e9gica<\/span><\/strong><\/p>\n<p>Para lograr esta transformaci\u00f3n, el Gobierno Provincial destin\u00f3 800 millones de pesos en 2024, destinados a equipamiento, recursos humanos e infraestructura sanitaria.<\/p>\n<p><strong><span style=\"color: #ff0000;\">Beneficios de la descentralizaci\u00f3n<\/span><\/strong><\/p>\n<p><strong><span style=\"color: #ff0000;\">Entre las principales ventajas de este nuevo sistema se destacan:<\/span><\/strong><\/p>\n<ul>\n<li>Acceso a cirug\u00edas de calidad en comunidades alejadas, reduciendo costos de traslado y estad\u00eda para las familias.<\/li>\n<li>Disminuci\u00f3n de las listas de espera, que antes superaban las mil personas y requer\u00edan entre 8 y 12 meses para una intervenci\u00f3n.<\/li>\n<li>Atenci\u00f3n inmediata en casos de urgencia, evitando complicaciones y riesgos innecesarios.<\/li>\n<\/ul>\n<p>Con estas acciones, el Gobierno de San Juan reafirma su compromiso con un sistema de salud equitativo y accesible, transformando vidas y fortaleciendo el bienestar de los sanjuaninos.<\/p>\n<p>Por ello, el ministro de Salud, Dr. Amilcar Dobladez dio detalles sobre la implementaci\u00f3n de guardias quir\u00fargicas activas las 24 hs., en el Hospital San Roque, Departamento J\u00e1chal.<\/p>\n<p><iframe loading=\"lazy\" title=\"SAN JUAN MINISTRO DR AMILCAR DOBLADEZ\" width=\"800\" height=\"450\" src=\"https:\/\/www.youtube.com\/embed\/ZAL6jep-fQc?feature=oembed\" frameborder=\"0\" allow=\"accelerometer; autoplay; clipboard-write; encrypted-media; gyroscope; picture-in-picture; web-share\" referrerpolicy=\"strict-origin-when-cross-origin\" allowfullscreen><\/iframe><\/p>\n<p>&nbsp;<\/p>\n<p><img loading=\"lazy\" decoding=\"async\" class=\"alignnone size-full wp-image-58562\" src=\"https:\/\/vocesparalelas.com.ar\/sitio\/wp-content\/uploads\/2023\/04\/HOSPITAL-SAN-ROQUE.jpg\" alt=\"\" width=\"800\" height=\"450\" srcset=\"https:\/\/vocesparalelas.com.ar\/sitio\/wp-content\/uploads\/2023\/04\/HOSPITAL-SAN-ROQUE.jpg 800w, https:\/\/vocesparalelas.com.ar\/sitio\/wp-content\/uploads\/2023\/04\/HOSPITAL-SAN-ROQUE-300x169.jpg 300w, https:\/\/vocesparalelas.com.ar\/sitio\/wp-content\/uploads\/2023\/04\/HOSPITAL-SAN-ROQUE-768x432.jpg 768w\" sizes=\"auto, (max-width: 800px) 100vw, 800px\" \/><\/p>\n","protected":false},"excerpt":{"rendered":"<p>El gobernador de San Juan, Dr. Marcelo Orrego y el ministro de Salud, Dr. Amilcar Dobladez, se reunieron para analizar<\/p>\n","protected":false},"author":3,"featured_media":82024,"comment_status":"closed","ping_status":"closed","sticky":false,"template":"","format":"standard","meta":{"_acf_changed":false,"_seopress_robots_primary_cat":"none","_seopress_titles_title":"","_seopress_titles_desc":"","_seopress_robots_index":"","colormag_page_container_layout":"default_layout","colormag_page_sidebar_layout":"default_layout","footnotes":""},"categories":[5,7],"tags":[],"class_list":["post-82021","post","type-post","status-publish","format-standard","has-post-thumbnail","hentry","category-ofrecimientos","category-videos"],"acf":[],"_links":{"self":[{"href":"https:\/\/vocesparalelas.com.ar\/sitio\/wp-json\/wp\/v2\/posts\/82021","targetHints":{"allow":["GET"]}}],"collection":[{"href":"https:\/\/vocesparalelas.com.ar\/sitio\/wp-json\/wp\/v2\/posts"}],"about":[{"href":"https:\/\/vocesparalelas.com.ar\/sitio\/wp-json\/wp\/v2\/types\/post"}],"author":[{"embeddable":true,"href":"https:\/\/vocesparalelas.com.ar\/sitio\/wp-json\/wp\/v2\/users\/3"}],"replies":[{"embeddable":true,"href":"https:\/\/vocesparalelas.com.ar\/sitio\/wp-json\/wp\/v2\/comments?post=82021"}],"version-history":[{"count":1,"href":"https:\/\/vocesparalelas.com.ar\/sitio\/wp-json\/wp\/v2\/posts\/82021\/revisions"}],"predecessor-version":[{"id":82025,"href":"https:\/\/vocesparalelas.com.ar\/sitio\/wp-json\/wp\/v2\/posts\/82021\/revisions\/82025"}],"wp:featuredmedia":[{"embeddable":true,"href":"https:\/\/vocesparalelas.com.ar\/sitio\/wp-json\/wp\/v2\/media\/82024"}],"wp:attachment":[{"href":"https:\/\/vocesparalelas.com.ar\/sitio\/wp-json\/wp\/v2\/media?parent=82021"}],"wp:term":[{"taxonomy":"category","embeddable":true,"href":"https:\/\/vocesparalelas.com.ar\/sitio\/wp-json\/wp\/v2\/categories?post=82021"},{"taxonomy":"post_tag","embeddable":true,"href":"https:\/\/vocesparalelas.com.ar\/sitio\/wp-json\/wp\/v2\/tags?post=82021"}],"curies":[{"name":"wp","href":"https:\/\/api.w.org\/{rel}","templated":true}]}}