{"id":81882,"date":"2025-01-24T11:48:29","date_gmt":"2025-01-24T14:48:29","guid":{"rendered":"https:\/\/vocesparalelas.com.ar\/sitio\/?p=81882"},"modified":"2025-01-27T23:53:30","modified_gmt":"2025-01-28T02:53:30","slug":"80-aniversario-del-levantamiento-del-gueto-de-varsovia-en-san-juan","status":"publish","type":"post","link":"https:\/\/vocesparalelas.com.ar\/sitio\/80-aniversario-del-levantamiento-del-gueto-de-varsovia-en-san-juan\/","title":{"rendered":"80\u00b0 Aniversario del Levantamiento del Gueto de Varsovia en San Juan"},"content":{"rendered":"<p>El Ministerio de Gobierno de San Juan, a trav\u00e9s de la Direcci\u00f3n de Culto y ONG, perteneciente a la Secretar\u00eda de Relaciones Institucionales, invita a la comunidad el Lunes, 27 de Enero, a las 10 hs.; en el Monumento, donde se desarrolla el acto de conmemora el D\u00eda Internacional en Memoria de las V\u00edctimas del Holocausto y el 80\u00b0 Aniversario del Levantamiento del Gueto de Varsovia.<\/p>\n<p><span style=\"color: #0000ff;\"><strong>El monumento<\/strong><\/span><\/p>\n<p>El monumento fue realizado a la manera de un memorial como un elemento con dos muros oscuros cortados a los costados y cercados por alambres de p\u00faas y una v\u00eda de tren con seis durmientes, que simbolizan a los seis millones de ciudadanos jud\u00edos muertos en los campos de exterminio.<\/p>\n<p>En la pared cuyas espaldas dan hacia la Las Heras est\u00e1n simbolizadas las v\u00edctimas del Holocausto a trav\u00e9s de im\u00e1genes que fueron all\u00ed emplazadas y tambi\u00e9n los nombres de muchos de ellos y los nombres de los centros de exterminio como Auschwitz, Treblinka, Belzec, Sobibor.<\/p>\n<p>Las huellas en el piso simbolizan lo inmensurable de la cantidad de personas y un farol fue tomado como un s\u00edmbolo de la luz del campo de concentraci\u00f3n de Auschwitz, pero en este caso simboliza la luz de la esperanza.<\/p>\n<p>El concepto de la obra estuvo a cargo del reconocido artista pl\u00e1stico Mario P\u00e9rez, en tanto que lo relativo a la construcci\u00f3n de los muros, la pared y otros el responsable fue el ingeniero Iaron Goransky.<\/p>\n<p>&nbsp;<\/p>\n","protected":false},"excerpt":{"rendered":"<p>El Ministerio de Gobierno de San Juan, a trav\u00e9s de la Direcci\u00f3n de Culto y ONG, perteneciente a la Secretar\u00eda<\/p>\n","protected":false},"author":3,"featured_media":56146,"comment_status":"closed","ping_status":"closed","sticky":false,"template":"","format":"standard","meta":{"_acf_changed":false,"_seopress_robots_primary_cat":"none","_seopress_titles_title":"","_seopress_titles_desc":"","_seopress_robots_index":"","colormag_page_container_layout":"default_layout","colormag_page_sidebar_layout":"default_layout","footnotes":""},"categories":[1],"tags":[],"class_list":["post-81882","post","type-post","status-publish","format-standard","has-post-thumbnail","hentry","category-destacadas"],"acf":[],"_links":{"self":[{"href":"https:\/\/vocesparalelas.com.ar\/sitio\/wp-json\/wp\/v2\/posts\/81882","targetHints":{"allow":["GET"]}}],"collection":[{"href":"https:\/\/vocesparalelas.com.ar\/sitio\/wp-json\/wp\/v2\/posts"}],"about":[{"href":"https:\/\/vocesparalelas.com.ar\/sitio\/wp-json\/wp\/v2\/types\/post"}],"author":[{"embeddable":true,"href":"https:\/\/vocesparalelas.com.ar\/sitio\/wp-json\/wp\/v2\/users\/3"}],"replies":[{"embeddable":true,"href":"https:\/\/vocesparalelas.com.ar\/sitio\/wp-json\/wp\/v2\/comments?post=81882"}],"version-history":[{"count":1,"href":"https:\/\/vocesparalelas.com.ar\/sitio\/wp-json\/wp\/v2\/posts\/81882\/revisions"}],"predecessor-version":[{"id":81885,"href":"https:\/\/vocesparalelas.com.ar\/sitio\/wp-json\/wp\/v2\/posts\/81882\/revisions\/81885"}],"wp:featuredmedia":[{"embeddable":true,"href":"https:\/\/vocesparalelas.com.ar\/sitio\/wp-json\/wp\/v2\/media\/56146"}],"wp:attachment":[{"href":"https:\/\/vocesparalelas.com.ar\/sitio\/wp-json\/wp\/v2\/media?parent=81882"}],"wp:term":[{"taxonomy":"category","embeddable":true,"href":"https:\/\/vocesparalelas.com.ar\/sitio\/wp-json\/wp\/v2\/categories?post=81882"},{"taxonomy":"post_tag","embeddable":true,"href":"https:\/\/vocesparalelas.com.ar\/sitio\/wp-json\/wp\/v2\/tags?post=81882"}],"curies":[{"name":"wp","href":"https:\/\/api.w.org\/{rel}","templated":true}]}}