{"id":81792,"date":"2025-01-22T20:04:15","date_gmt":"2025-01-22T23:04:15","guid":{"rendered":"https:\/\/vocesparalelas.com.ar\/sitio\/?p=81792"},"modified":"2025-01-24T14:06:34","modified_gmt":"2025-01-24T17:06:34","slug":"se-presento-la-vuelta-a-san-juan-2025-la-fiesta-del-ciclismo-mas-esperada","status":"publish","type":"post","link":"https:\/\/vocesparalelas.com.ar\/sitio\/se-presento-la-vuelta-a-san-juan-2025-la-fiesta-del-ciclismo-mas-esperada\/","title":{"rendered":"Se present\u00f3 la \u00abVuelta a San Juan 2025\u00bb\u00a0la fiesta del ciclismo m\u00e1s esperada"},"content":{"rendered":"<p>En la Sala Vicegobernadores de la C\u00e1mara de Diputados de San Juan, se present\u00f3 \u00abLa Vuelta a San Juan 2025\u00bb\u00a0 el vicegobernador Dr, Fabi\u00e1n Mart\u00edn junto al secretario de Deportes, Dr. Pablo Tabachnik; el presidente del Pedal Club Olimpia, Juan Ernesto Pacheco; el director de la Vuelta a San Juan 2025, H\u00e9ctor \u201cWilly\u201d Lucero fueron los encargados de dar a conocer los detalles de la tradicional competencia cicl\u00edstica que se desarrolla del Viernes 24 de Enero al Domingo, 02 de Febrero.<\/p>\n<p>En primer t\u00e9rmino, se dio lectura del\u00a0Decreto N\u00ba 88 de la C\u00e1mara de Diputados de San Juan, por el que se declara esta edici\u00f3n\u00a0\u201cde inter\u00e9s social, cultural y deportivo\u201d.\u00a0Al respecto, el director de la Vuelta a San Juan fue el responsable de dar a conocer todos los\u00a0detalles de las 9 etapas y el pr\u00f3logo que componen la carrera.<\/p>\n<p>Destacando la importancia de la competencia en la provincia, el vicegobernador Dr. Fabi\u00e1n Mart\u00edn\u00a0expres\u00f3 que\u00a0\u201cel ciclismo es pasi\u00f3n para los sanjuaninos, lo llevamos en la sangre. Es algo que vivimos desde siempre, desde muy chicos, con una convocatoria extraordinaria. Y nosotros siempre vamos a estar al lado del deporte, porque es un articulador social, una pol\u00edtica de estado y un estilo de vida\u201d.<\/p>\n<p>Adem\u00e1s, resalt\u00f3 que la Vuelta a San Juan\u00a0\u201cno solamente es un espect\u00e1culo en lo deportivo, sino tambi\u00e9n un articulador tur\u00edstico y econ\u00f3mico, porque trabaja la hoteler\u00eda, la gastronom\u00eda. Desearles \u00e9xitos a los ciclistas, al p\u00fablico, a los dirigentes, al periodismo, y a todos los que son parte de este folclore que viviremos desde el viernes\u201d.<\/p>\n<p>Por su parte,\u00a0el director de Pol\u00edticas Educativas e Inclusivas, Juli\u00e1n Suraci, explic\u00f3 c\u00f3mo se realiza la Vuelta Inclusiva.\u00a0Este a\u00f1o contar\u00e1 con dos modalidades, participativa e inclusiva, donde todos los sanjuaninos y sanjuaninas pueden ser parte.<\/p>\n<p><img loading=\"lazy\" decoding=\"async\" class=\"alignnone size-large wp-image-9499\" src=\"https:\/\/vocesparalelas.com.ar\/sitio\/wp-content\/uploads\/2018\/01\/VUELTA-ADAPATADOS-03-800x534.jpg\" alt=\"\" width=\"800\" height=\"534\" srcset=\"https:\/\/vocesparalelas.com.ar\/sitio\/wp-content\/uploads\/2018\/01\/VUELTA-ADAPATADOS-03-800x534.jpg 800w, https:\/\/vocesparalelas.com.ar\/sitio\/wp-content\/uploads\/2018\/01\/VUELTA-ADAPATADOS-03-300x200.jpg 300w, https:\/\/vocesparalelas.com.ar\/sitio\/wp-content\/uploads\/2018\/01\/VUELTA-ADAPATADOS-03-768x512.jpg 768w, https:\/\/vocesparalelas.com.ar\/sitio\/wp-content\/uploads\/2018\/01\/VUELTA-ADAPATADOS-03.jpg 1000w\" sizes=\"auto, (max-width: 800px) 100vw, 800px\" \/><\/p>\n<p>Respecto a\u00a0 lo que involucra estos 10 d\u00edas que se vivir\u00e1n en San Juan, Juan Ernesto Pacheco\u00a0agradeci\u00f3\u00a0\u201cpor la colaboraci\u00f3n del Gobierno de la Provincia para la realizaci\u00f3n de esta 40\u00aa edici\u00f3n, que es muy especial. Los due\u00f1os del espect\u00e1culo son los ciclistas y a ellos queremos hacerles nuestro homenaje y agradecimiento porque son los que ponen la bici en marcha para que disfrutemos desde la vera del camino\u201d.<\/p>\n<p>Finalmente, el\u00a0secretario de Deporte, Dr. Pablo Tabachnik, afirm\u00f3 que \u201ceste a\u00f1o realizamos la Vuelta bien organizada, trabajada y con un trazado que esperamos que los ciclistas disfruten y que los apasionados por el ciclismo, que son muchos, alienten al costado del camino. Disfruten de esta fiesta que es el ciclismo en San Juan y que tengamos un cierre repleto en la Avenida de Circunvalaci\u00f3n\u201d.<\/p>\n<p><img loading=\"lazy\" decoding=\"async\" class=\"alignnone size-full wp-image-56151\" src=\"https:\/\/vocesparalelas.com.ar\/sitio\/wp-content\/uploads\/2023\/01\/ETAPA-6-VUELTA-A-SAN-JUAN.jpg\" alt=\"\" width=\"800\" height=\"450\" srcset=\"https:\/\/vocesparalelas.com.ar\/sitio\/wp-content\/uploads\/2023\/01\/ETAPA-6-VUELTA-A-SAN-JUAN.jpg 800w, https:\/\/vocesparalelas.com.ar\/sitio\/wp-content\/uploads\/2023\/01\/ETAPA-6-VUELTA-A-SAN-JUAN-300x169.jpg 300w, https:\/\/vocesparalelas.com.ar\/sitio\/wp-content\/uploads\/2023\/01\/ETAPA-6-VUELTA-A-SAN-JUAN-768x432.jpg 768w\" sizes=\"auto, (max-width: 800px) 100vw, 800px\" \/><\/p>\n<p>&nbsp;<\/p>\n<blockquote class=\"wp-embedded-content\" data-secret=\"be9TXXoLqB\"><p><a href=\"https:\/\/vocesparalelas.com.ar\/sitio\/40-edicion-de-la-vuelta-a-san-juan-para-disfrutar-en-familia\/\">40\u00b0 edici\u00f3n\u00a0de la\u00a0Vuelta a San Juan para disfrutar en familia<\/a><\/p><\/blockquote>\n<p><iframe loading=\"lazy\" class=\"wp-embedded-content\" sandbox=\"allow-scripts\" security=\"restricted\" style=\"position: absolute; visibility: hidden;\" title=\"\u00ab40\u00b0 edici\u00f3n\u00a0de la\u00a0Vuelta a San Juan para disfrutar en familia\u00bb \u2014 Voces Paralelas\" src=\"https:\/\/vocesparalelas.com.ar\/sitio\/40-edicion-de-la-vuelta-a-san-juan-para-disfrutar-en-familia\/embed\/#?secret=bkznGSbzsO#?secret=be9TXXoLqB\" data-secret=\"be9TXXoLqB\" width=\"600\" height=\"338\" frameborder=\"0\" marginwidth=\"0\" marginheight=\"0\" scrolling=\"no\"><\/iframe><\/p>\n","protected":false},"excerpt":{"rendered":"<p>En la Sala Vicegobernadores de la C\u00e1mara de Diputados de San Juan, se present\u00f3 \u00abLa Vuelta a San Juan 2025\u00bb\u00a0<\/p>\n","protected":false},"author":3,"featured_media":81796,"comment_status":"closed","ping_status":"closed","sticky":false,"template":"","format":"standard","meta":{"_acf_changed":false,"_seopress_robots_primary_cat":"none","_seopress_titles_title":"","_seopress_titles_desc":"","_seopress_robots_index":"","colormag_page_container_layout":"default_layout","colormag_page_sidebar_layout":"default_layout","footnotes":""},"categories":[6],"tags":[],"class_list":["post-81792","post","type-post","status-publish","format-standard","has-post-thumbnail","hentry","category-eventos"],"acf":[],"_links":{"self":[{"href":"https:\/\/vocesparalelas.com.ar\/sitio\/wp-json\/wp\/v2\/posts\/81792","targetHints":{"allow":["GET"]}}],"collection":[{"href":"https:\/\/vocesparalelas.com.ar\/sitio\/wp-json\/wp\/v2\/posts"}],"about":[{"href":"https:\/\/vocesparalelas.com.ar\/sitio\/wp-json\/wp\/v2\/types\/post"}],"author":[{"embeddable":true,"href":"https:\/\/vocesparalelas.com.ar\/sitio\/wp-json\/wp\/v2\/users\/3"}],"replies":[{"embeddable":true,"href":"https:\/\/vocesparalelas.com.ar\/sitio\/wp-json\/wp\/v2\/comments?post=81792"}],"version-history":[{"count":4,"href":"https:\/\/vocesparalelas.com.ar\/sitio\/wp-json\/wp\/v2\/posts\/81792\/revisions"}],"predecessor-version":[{"id":81800,"href":"https:\/\/vocesparalelas.com.ar\/sitio\/wp-json\/wp\/v2\/posts\/81792\/revisions\/81800"}],"wp:featuredmedia":[{"embeddable":true,"href":"https:\/\/vocesparalelas.com.ar\/sitio\/wp-json\/wp\/v2\/media\/81796"}],"wp:attachment":[{"href":"https:\/\/vocesparalelas.com.ar\/sitio\/wp-json\/wp\/v2\/media?parent=81792"}],"wp:term":[{"taxonomy":"category","embeddable":true,"href":"https:\/\/vocesparalelas.com.ar\/sitio\/wp-json\/wp\/v2\/categories?post=81792"},{"taxonomy":"post_tag","embeddable":true,"href":"https:\/\/vocesparalelas.com.ar\/sitio\/wp-json\/wp\/v2\/tags?post=81792"}],"curies":[{"name":"wp","href":"https:\/\/api.w.org\/{rel}","templated":true}]}}