{"id":81781,"date":"2025-01-22T12:09:03","date_gmt":"2025-01-22T15:09:03","guid":{"rendered":"https:\/\/vocesparalelas.com.ar\/sitio\/?p=81781"},"modified":"2025-01-23T21:35:10","modified_gmt":"2025-01-24T00:35:10","slug":"continuan-las-reuniones-de-san-juan-con-el-bid-de-eeuu","status":"publish","type":"post","link":"https:\/\/vocesparalelas.com.ar\/sitio\/continuan-las-reuniones-de-san-juan-con-el-bid-de-eeuu\/","title":{"rendered":"Contin\u00faan las reuniones de San Juan con el BID de EEUU"},"content":{"rendered":"<p>En el marco de su agenda en Estados Unidos, el gobernador de San Juan, Dr. Marcelo Orrego, mantuvo reuniones clave con representantes de BID Invest y de BID Estatal.<\/p>\n<p>En la primera estuvo con Felipe Ezquerra, director de Infraestructura del organismo. Mientras, el a segundo encuentro particip\u00f3 Fabrizio Opertti, gerente de Integraci\u00f3n y Comercio del BID Estatal, que colabora con gobiernos.<\/p>\n<p>Cabe destacar que BID Invest es una instituci\u00f3n financiera que forma parte del Banco Interamericano de Desarrollo &#8211; BID -. Su objetivo es impulsar el desarrollo econ\u00f3mico de los pa\u00edses de Am\u00e9rica Latina y el Caribe a trav\u00e9s del sector privado.<\/p>\n<p>El encuentro tuvo como principal objetivo explorar opciones de financiamiento privado que permitan a empresas argentinas y sanjuaninas acceder a cr\u00e9ditos que impulsen su crecimiento y desarrollo en la provincia. De la reuni\u00f3n particip\u00f3 tambi\u00e9n el secretario General de la Gobernaci\u00f3n, Lic. Emilio Achem.<\/p>\n<p>Durante el di\u00e1logo, el gobernador destac\u00f3 las oportunidades \u00fanicas que ofrece San Juan para inversores, gracias a su potencial en sectores estrat\u00e9gicos como la miner\u00eda, la agroindustria y las energ\u00edas renovables. En ese sentido, Ezquerra manifest\u00f3 un fuerte inter\u00e9s en las posibilidades que brinda la provincia, reconociendo su capacidad para atraer proyectos innovadores y sostenibles.<\/p>\n<p>El objetivo de esta gesti\u00f3n es crear un puente para que empresas privadas interesadas en invertir en San Juan puedan contar con el respaldo financiero necesario a trav\u00e9s de organismos internacionales. Esto forma parte de la visi\u00f3n del gobierno provincial de potenciar el desarrollo econ\u00f3mico, generar empleo y promover la llegada de inversiones que beneficien a San Juan.<\/p>\n<p>En el marco de la segunda reuni\u00f3n, hay que tener en cuenta que BID Estatal colabora con financiamiento y tambi\u00e9n con formulaci\u00f3n de proyectos vinculados m\u00e1s al desarrollo de pol\u00edticas locales, fortalecimiento de cadenas de valor, fortalecimiento de proveedores locales, capacitaci\u00f3n para el empleo, para la industria, y diferentes v\u00ednculos entre empresas proveedoras y empresas demandantes en diferentes foros que suelen organizar. Cabe destacar adem\u00e1s que, en el marco de esta reuni\u00f3n, adem\u00e1s, se genera una vinculaci\u00f3n para potenciar el sector de turismo.<\/p>\n<p><img loading=\"lazy\" decoding=\"async\" class=\"alignnone size-full wp-image-81784\" src=\"https:\/\/vocesparalelas.com.ar\/sitio\/wp-content\/uploads\/2025\/01\/EEUU-BID-ORREGO-012.jpg\" alt=\"\" width=\"800\" height=\"591\" srcset=\"https:\/\/vocesparalelas.com.ar\/sitio\/wp-content\/uploads\/2025\/01\/EEUU-BID-ORREGO-012.jpg 800w, https:\/\/vocesparalelas.com.ar\/sitio\/wp-content\/uploads\/2025\/01\/EEUU-BID-ORREGO-012-300x222.jpg 300w, https:\/\/vocesparalelas.com.ar\/sitio\/wp-content\/uploads\/2025\/01\/EEUU-BID-ORREGO-012-768x567.jpg 768w\" sizes=\"auto, (max-width: 800px) 100vw, 800px\" \/><\/p>\n","protected":false},"excerpt":{"rendered":"<p>En el marco de su agenda en Estados Unidos, el gobernador de San Juan, Dr. Marcelo Orrego, mantuvo reuniones clave<\/p>\n","protected":false},"author":3,"featured_media":81785,"comment_status":"closed","ping_status":"closed","sticky":false,"template":"","format":"standard","meta":{"_acf_changed":false,"_seopress_robots_primary_cat":"none","_seopress_titles_title":"","_seopress_titles_desc":"","_seopress_robots_index":"","colormag_page_container_layout":"default_layout","colormag_page_sidebar_layout":"default_layout","footnotes":""},"categories":[10],"tags":[],"class_list":["post-81781","post","type-post","status-publish","format-standard","has-post-thumbnail","hentry","category-opiniones"],"acf":[],"_links":{"self":[{"href":"https:\/\/vocesparalelas.com.ar\/sitio\/wp-json\/wp\/v2\/posts\/81781","targetHints":{"allow":["GET"]}}],"collection":[{"href":"https:\/\/vocesparalelas.com.ar\/sitio\/wp-json\/wp\/v2\/posts"}],"about":[{"href":"https:\/\/vocesparalelas.com.ar\/sitio\/wp-json\/wp\/v2\/types\/post"}],"author":[{"embeddable":true,"href":"https:\/\/vocesparalelas.com.ar\/sitio\/wp-json\/wp\/v2\/users\/3"}],"replies":[{"embeddable":true,"href":"https:\/\/vocesparalelas.com.ar\/sitio\/wp-json\/wp\/v2\/comments?post=81781"}],"version-history":[{"count":1,"href":"https:\/\/vocesparalelas.com.ar\/sitio\/wp-json\/wp\/v2\/posts\/81781\/revisions"}],"predecessor-version":[{"id":81786,"href":"https:\/\/vocesparalelas.com.ar\/sitio\/wp-json\/wp\/v2\/posts\/81781\/revisions\/81786"}],"wp:featuredmedia":[{"embeddable":true,"href":"https:\/\/vocesparalelas.com.ar\/sitio\/wp-json\/wp\/v2\/media\/81785"}],"wp:attachment":[{"href":"https:\/\/vocesparalelas.com.ar\/sitio\/wp-json\/wp\/v2\/media?parent=81781"}],"wp:term":[{"taxonomy":"category","embeddable":true,"href":"https:\/\/vocesparalelas.com.ar\/sitio\/wp-json\/wp\/v2\/categories?post=81781"},{"taxonomy":"post_tag","embeddable":true,"href":"https:\/\/vocesparalelas.com.ar\/sitio\/wp-json\/wp\/v2\/tags?post=81781"}],"curies":[{"name":"wp","href":"https:\/\/api.w.org\/{rel}","templated":true}]}}