{"id":81740,"date":"2025-01-20T18:36:06","date_gmt":"2025-01-20T21:36:06","guid":{"rendered":"https:\/\/vocesparalelas.com.ar\/sitio\/?p=81740"},"modified":"2025-01-21T23:00:58","modified_gmt":"2025-01-22T02:00:58","slug":"san-juan-presente-en-la-5-luna-de-cosquin-2025-en-cordoba","status":"publish","type":"post","link":"https:\/\/vocesparalelas.com.ar\/sitio\/san-juan-presente-en-la-5-luna-de-cosquin-2025-en-cordoba\/","title":{"rendered":"San Juan presente en la 5\u00b0 Luna de Cosqu\u00edn 2025 en C\u00f3rdoba"},"content":{"rendered":"<p>El Domingo, 19 de Enero, finaliz\u00f3 una nueva edici\u00f3n del Certamen para Nuevos Valores Pre Cosqu\u00edn 2025, donde participaron artistas de la Rep\u00fablica Argentina que deleitaron al p\u00fablico y jurados con su arte durante catorce noches.<\/p>\n<p>En este marco,\u00a0San Juan mostr\u00f3 su talento en la 5\u00b0 Luna de Cosqu\u00edn el 29 de Enero de la mano de Riveros Luna, los artistas locales que quedaron seleccionados tras participar del certamen en la categor\u00eda Conjunto de Baile Folcl\u00f3rico.<\/p>\n<p>La compa\u00f1\u00eda present\u00f3 el cuadro \u00abDeolinda seg\u00fan Baudilio\u00bb, una emotiva puesta que relata la historia de Deolinda Correa. En este marco, la combinaci\u00f3n de estilos entre danza estilizada y tradicional estuvo dirigido por Natalia Luna y Javier Riveros, mientras que la autor\u00eda de los textos es de Fernando Luna y la m\u00fasica de Andr\u00e9s Cantos.<\/p>\n<p>Con emoci\u00f3n y festejos, los ganadores celebraron el resultado acompa\u00f1ados por la delegaci\u00f3n coordinada por el Ministerio de Turismo, Cultura y Deporte del Gobierno de San Juan. Ahora, esperan la fecha que les dar\u00e1 lugar a pisar el prestigioso escenario del 64\u00b0 Festival Nacional del Folklore Cosqu\u00edn 2025 que se realiza del 25 de enero al 2 de Febrero.<\/p>\n<p>Cabe destacar que, este a\u00f1o, la provincia present\u00f3 a m\u00e1s de 80 artistas que se presentaron en el preselectivo los que resalta el compromiso de los artistas locales por las competencias nacionales.<\/p>\n<p><img loading=\"lazy\" decoding=\"async\" class=\"alignnone size-full wp-image-81743\" src=\"https:\/\/vocesparalelas.com.ar\/sitio\/wp-content\/uploads\/2025\/01\/PRECOSQUIN-DELEGACION-SAN-JUAN-01.jpg\" alt=\"\" width=\"800\" height=\"534\" srcset=\"https:\/\/vocesparalelas.com.ar\/sitio\/wp-content\/uploads\/2025\/01\/PRECOSQUIN-DELEGACION-SAN-JUAN-01.jpg 800w, https:\/\/vocesparalelas.com.ar\/sitio\/wp-content\/uploads\/2025\/01\/PRECOSQUIN-DELEGACION-SAN-JUAN-01-300x200.jpg 300w, https:\/\/vocesparalelas.com.ar\/sitio\/wp-content\/uploads\/2025\/01\/PRECOSQUIN-DELEGACION-SAN-JUAN-01-768x513.jpg 768w\" sizes=\"auto, (max-width: 800px) 100vw, 800px\" \/><\/p>\n","protected":false},"excerpt":{"rendered":"<p>El Domingo, 19 de Enero, finaliz\u00f3 una nueva edici\u00f3n del Certamen para Nuevos Valores Pre Cosqu\u00edn 2025, donde participaron artistas<\/p>\n","protected":false},"author":3,"featured_media":81744,"comment_status":"closed","ping_status":"closed","sticky":false,"template":"","format":"standard","meta":{"_acf_changed":false,"_seopress_robots_primary_cat":"none","_seopress_titles_title":"","_seopress_titles_desc":"","_seopress_robots_index":"","colormag_page_container_layout":"default_layout","colormag_page_sidebar_layout":"default_layout","footnotes":""},"categories":[8],"tags":[],"class_list":["post-81740","post","type-post","status-publish","format-standard","has-post-thumbnail","hentry","category-concursos"],"acf":[],"_links":{"self":[{"href":"https:\/\/vocesparalelas.com.ar\/sitio\/wp-json\/wp\/v2\/posts\/81740","targetHints":{"allow":["GET"]}}],"collection":[{"href":"https:\/\/vocesparalelas.com.ar\/sitio\/wp-json\/wp\/v2\/posts"}],"about":[{"href":"https:\/\/vocesparalelas.com.ar\/sitio\/wp-json\/wp\/v2\/types\/post"}],"author":[{"embeddable":true,"href":"https:\/\/vocesparalelas.com.ar\/sitio\/wp-json\/wp\/v2\/users\/3"}],"replies":[{"embeddable":true,"href":"https:\/\/vocesparalelas.com.ar\/sitio\/wp-json\/wp\/v2\/comments?post=81740"}],"version-history":[{"count":1,"href":"https:\/\/vocesparalelas.com.ar\/sitio\/wp-json\/wp\/v2\/posts\/81740\/revisions"}],"predecessor-version":[{"id":81745,"href":"https:\/\/vocesparalelas.com.ar\/sitio\/wp-json\/wp\/v2\/posts\/81740\/revisions\/81745"}],"wp:featuredmedia":[{"embeddable":true,"href":"https:\/\/vocesparalelas.com.ar\/sitio\/wp-json\/wp\/v2\/media\/81744"}],"wp:attachment":[{"href":"https:\/\/vocesparalelas.com.ar\/sitio\/wp-json\/wp\/v2\/media?parent=81740"}],"wp:term":[{"taxonomy":"category","embeddable":true,"href":"https:\/\/vocesparalelas.com.ar\/sitio\/wp-json\/wp\/v2\/categories?post=81740"},{"taxonomy":"post_tag","embeddable":true,"href":"https:\/\/vocesparalelas.com.ar\/sitio\/wp-json\/wp\/v2\/tags?post=81740"}],"curies":[{"name":"wp","href":"https:\/\/api.w.org\/{rel}","templated":true}]}}