{"id":81736,"date":"2025-01-20T17:08:27","date_gmt":"2025-01-20T20:08:27","guid":{"rendered":"https:\/\/vocesparalelas.com.ar\/sitio\/?p=81736"},"modified":"2025-01-24T00:59:32","modified_gmt":"2025-01-24T03:59:32","slug":"san-juan-vuela-para-disfrutar-en-familia","status":"publish","type":"post","link":"https:\/\/vocesparalelas.com.ar\/sitio\/san-juan-vuela-para-disfrutar-en-familia\/","title":{"rendered":"\u201cSan Juan Vuela\u201d para disfrutar en familia"},"content":{"rendered":"<p>El S\u00e1bado, 25 de Enero, de 17 a 23 hs, el cielo de San Juan impacta con el color y emoci\u00f3n con el evento \u201cSan Juan Vuela\u201d, organizado por la Asociaci\u00f3n Sanjuanina de Vuelo Libre y Afines (ASVLyA), en colaboraci\u00f3n con el Ministerio de Turismo, Cultura y Deporte y la Municipalidad de Rivadavia.<\/p>\n<p>La inauguraci\u00f3n del evento es con el despegue de parapentes desde el Cerro Tres Mar\u00edas y un emocionante desaf\u00edo de aterrizaje de precisi\u00f3n, en el que los pilotos buscar\u00e1n alcanzar con precisi\u00f3n una diana marcada en tierra.<\/p>\n<p>Entre las actividades que se realizan hay exhibiciones de aterrizaje en parapente donde pilotos expertos muestran su destreza en el aire, charlas informativas sobre el vuelo libre, sus t\u00e9cnicas y su impacto en el turismo y la comunidad y actividades recreativas pensadas para el disfrute y esparcimiento de los visitantes. Tambi\u00e9n, acompa\u00f1a la m\u00fasica y una amplia oferta gastron\u00f3mica y cervezas artesanales.<\/p>\n<p>Cabe recordar que la cita es en el predio RP 60, KM 18, en la localidad del Departamento Rivadavia, de 17 a 23 hs; donde los asistentes pueden disfrutar de una jornada completa de actividades para la familia, con entrada libre y gratuita.<\/p>\n<p>&nbsp;<\/p>\n","protected":false},"excerpt":{"rendered":"<p>El S\u00e1bado, 25 de Enero, de 17 a 23 hs, el cielo de San Juan impacta con el color y<\/p>\n","protected":false},"author":3,"featured_media":31332,"comment_status":"closed","ping_status":"closed","sticky":false,"template":"","format":"standard","meta":{"_acf_changed":false,"_seopress_robots_primary_cat":"none","_seopress_titles_title":"","_seopress_titles_desc":"","_seopress_robots_index":"","colormag_page_container_layout":"default_layout","colormag_page_sidebar_layout":"default_layout","footnotes":""},"categories":[20],"tags":[],"class_list":["post-81736","post","type-post","status-publish","format-standard","has-post-thumbnail","hentry","category-cartelera"],"acf":[],"_links":{"self":[{"href":"https:\/\/vocesparalelas.com.ar\/sitio\/wp-json\/wp\/v2\/posts\/81736","targetHints":{"allow":["GET"]}}],"collection":[{"href":"https:\/\/vocesparalelas.com.ar\/sitio\/wp-json\/wp\/v2\/posts"}],"about":[{"href":"https:\/\/vocesparalelas.com.ar\/sitio\/wp-json\/wp\/v2\/types\/post"}],"author":[{"embeddable":true,"href":"https:\/\/vocesparalelas.com.ar\/sitio\/wp-json\/wp\/v2\/users\/3"}],"replies":[{"embeddable":true,"href":"https:\/\/vocesparalelas.com.ar\/sitio\/wp-json\/wp\/v2\/comments?post=81736"}],"version-history":[{"count":1,"href":"https:\/\/vocesparalelas.com.ar\/sitio\/wp-json\/wp\/v2\/posts\/81736\/revisions"}],"predecessor-version":[{"id":81739,"href":"https:\/\/vocesparalelas.com.ar\/sitio\/wp-json\/wp\/v2\/posts\/81736\/revisions\/81739"}],"wp:featuredmedia":[{"embeddable":true,"href":"https:\/\/vocesparalelas.com.ar\/sitio\/wp-json\/wp\/v2\/media\/31332"}],"wp:attachment":[{"href":"https:\/\/vocesparalelas.com.ar\/sitio\/wp-json\/wp\/v2\/media?parent=81736"}],"wp:term":[{"taxonomy":"category","embeddable":true,"href":"https:\/\/vocesparalelas.com.ar\/sitio\/wp-json\/wp\/v2\/categories?post=81736"},{"taxonomy":"post_tag","embeddable":true,"href":"https:\/\/vocesparalelas.com.ar\/sitio\/wp-json\/wp\/v2\/tags?post=81736"}],"curies":[{"name":"wp","href":"https:\/\/api.w.org\/{rel}","templated":true}]}}