{"id":81726,"date":"2025-01-20T21:17:33","date_gmt":"2025-01-21T00:17:33","guid":{"rendered":"https:\/\/vocesparalelas.com.ar\/sitio\/?p=81726"},"modified":"2025-01-22T20:21:07","modified_gmt":"2025-01-22T23:21:07","slug":"el-gobernador-de-san-juan-dr-marcelo-orrego-se-reunio-con-referentes-de-la-embajada-argentina-en-ee-uu","status":"publish","type":"post","link":"https:\/\/vocesparalelas.com.ar\/sitio\/el-gobernador-de-san-juan-dr-marcelo-orrego-se-reunio-con-referentes-de-la-embajada-argentina-en-ee-uu\/","title":{"rendered":"El gobernador de San Juan, Dr. Marcelo Orrego se reuni\u00f3 con referentes de la Embajada Argentina en EE.UU"},"content":{"rendered":"<p>La reuni\u00f3n tuvo como objetivo principal optimizar y dar crecimiento al proceso de exportaci\u00f3n de productos de San Juan a Estados Unidos<\/p>\n<p>En el marco de su visita a Estados Unidos para presenciar la asunci\u00f3n presidencial de Donald Trump, el gobernador de San Juan, Dr. Marcelo Orrego, mantuvo una reuni\u00f3n en la que dialog\u00f3 con el jefe adjunto de Misi\u00f3n de la Embajada Argentina en EE.UU, Juan Manuel Cortelletti.<\/p>\n<p>Participaron adem\u00e1s, Julia Geraldine Hoppstock, jefa de la Secci\u00f3n Econ\u00f3mica; Leandro Ragone, primer secretario de la Secci\u00f3n de Asuntos Pol\u00edticos de la embajada; el secretario de la Gobernaci\u00f3n de San Juan, Emilio Achem.<\/p>\n<p>Durante el encuentro, se abordaron temas clave para fortalecer la relaci\u00f3n entre San Juan y el pa\u00eds norteamericano.<\/p>\n<p>Entre los principales puntos tratados, destacaron las gestiones para reducir los costos de exportaci\u00f3n de productos sanjuaninos a Estados Unidos, incluyendo la posibilidad de incluir a la provincia dentro del Sistema Generalizado de Preferencias (SGP), iniciativa en la que trabaja la embajada. Este programa permitir\u00eda mejorar las condiciones de ingreso de productos sanjuaninos al mercado estadounidense.<\/p>\n<p>Otro tema relevante fue la atracci\u00f3n de inversiones en sectores estrat\u00e9gicos como energ\u00eda, infraestructura y miner\u00eda, aprovechando el inter\u00e9s global en esta \u00faltima. Adem\u00e1s, el gobernador destac\u00f3 la importancia de estrechar lazos en materia de turismo y promover el desarrollo del polo tecnol\u00f3gico y la econom\u00eda del conocimiento en la provincia.<\/p>\n<p>Esta reuni\u00f3n refuerza los esfuerzos de la provincia de San Juan para consolidar su inserci\u00f3n internacional y aprovechar nuevas oportunidades de desarrollo econ\u00f3mico y social.<\/p>\n<p>&nbsp;<\/p>\n","protected":false},"excerpt":{"rendered":"<p>La reuni\u00f3n tuvo como objetivo principal optimizar y dar crecimiento al proceso de exportaci\u00f3n de productos de San Juan a<\/p>\n","protected":false},"author":3,"featured_media":81729,"comment_status":"closed","ping_status":"closed","sticky":false,"template":"","format":"standard","meta":{"_acf_changed":false,"_seopress_robots_primary_cat":"none","_seopress_titles_title":"","_seopress_titles_desc":"","_seopress_robots_index":"","colormag_page_container_layout":"default_layout","colormag_page_sidebar_layout":"default_layout","footnotes":""},"categories":[10],"tags":[],"class_list":["post-81726","post","type-post","status-publish","format-standard","has-post-thumbnail","hentry","category-opiniones"],"acf":[],"_links":{"self":[{"href":"https:\/\/vocesparalelas.com.ar\/sitio\/wp-json\/wp\/v2\/posts\/81726","targetHints":{"allow":["GET"]}}],"collection":[{"href":"https:\/\/vocesparalelas.com.ar\/sitio\/wp-json\/wp\/v2\/posts"}],"about":[{"href":"https:\/\/vocesparalelas.com.ar\/sitio\/wp-json\/wp\/v2\/types\/post"}],"author":[{"embeddable":true,"href":"https:\/\/vocesparalelas.com.ar\/sitio\/wp-json\/wp\/v2\/users\/3"}],"replies":[{"embeddable":true,"href":"https:\/\/vocesparalelas.com.ar\/sitio\/wp-json\/wp\/v2\/comments?post=81726"}],"version-history":[{"count":1,"href":"https:\/\/vocesparalelas.com.ar\/sitio\/wp-json\/wp\/v2\/posts\/81726\/revisions"}],"predecessor-version":[{"id":81730,"href":"https:\/\/vocesparalelas.com.ar\/sitio\/wp-json\/wp\/v2\/posts\/81726\/revisions\/81730"}],"wp:featuredmedia":[{"embeddable":true,"href":"https:\/\/vocesparalelas.com.ar\/sitio\/wp-json\/wp\/v2\/media\/81729"}],"wp:attachment":[{"href":"https:\/\/vocesparalelas.com.ar\/sitio\/wp-json\/wp\/v2\/media?parent=81726"}],"wp:term":[{"taxonomy":"category","embeddable":true,"href":"https:\/\/vocesparalelas.com.ar\/sitio\/wp-json\/wp\/v2\/categories?post=81726"},{"taxonomy":"post_tag","embeddable":true,"href":"https:\/\/vocesparalelas.com.ar\/sitio\/wp-json\/wp\/v2\/tags?post=81726"}],"curies":[{"name":"wp","href":"https:\/\/api.w.org\/{rel}","templated":true}]}}