{"id":81720,"date":"2025-01-20T20:55:25","date_gmt":"2025-01-20T23:55:25","guid":{"rendered":"https:\/\/vocesparalelas.com.ar\/sitio\/?p=81720"},"modified":"2025-01-20T21:05:35","modified_gmt":"2025-01-21T00:05:35","slug":"el-gobernador-de-san-juan-dr-marcelo-orrego-presente-en-la-asuncion-del-presidente-de-los-eeuu-donald-trump","status":"publish","type":"post","link":"https:\/\/vocesparalelas.com.ar\/sitio\/el-gobernador-de-san-juan-dr-marcelo-orrego-presente-en-la-asuncion-del-presidente-de-los-eeuu-donald-trump\/","title":{"rendered":"El gobernador de San Juan, Dr. Marcelo Orrego presente en la asunci\u00f3n del presidente de los EEUU, Donald Trump"},"content":{"rendered":"<p>El Lunes, 20 de Enero de 2025, el gobernador de San Juan, Dr. Marcelo Orrego, estuvo presente en el acto de asunci\u00f3n del presidente de los EEUU, Donald Trump, en el Capitolio.<\/p>\n<p>La ceremonia se realiz\u00f3 en Washington DC, dentro del Capitolio. Fue el \u00fanico gobernador de la Rep\u00fablica Argentina invitado por el Congreso de Estados Unidos para participar del importante evento,<\/p>\n<p><img loading=\"lazy\" decoding=\"async\" class=\"alignnone size-full wp-image-81724\" src=\"https:\/\/vocesparalelas.com.ar\/sitio\/wp-content\/uploads\/2025\/01\/ORREGO-EEUU.jpg\" alt=\"\" width=\"800\" height=\"662\" srcset=\"https:\/\/vocesparalelas.com.ar\/sitio\/wp-content\/uploads\/2025\/01\/ORREGO-EEUU.jpg 800w, https:\/\/vocesparalelas.com.ar\/sitio\/wp-content\/uploads\/2025\/01\/ORREGO-EEUU-300x248.jpg 300w, https:\/\/vocesparalelas.com.ar\/sitio\/wp-content\/uploads\/2025\/01\/ORREGO-EEUU-768x636.jpg 768w\" sizes=\"auto, (max-width: 800px) 100vw, 800px\" \/><\/p>\n<p>&nbsp;<\/p>\n<p>Es importante recordar que, el gobernador de San Juan, Dr. Marcelo Orrego fue el \u00fanico gobernador de la Rep\u00fablica Argentina invitado para participar del evento, por el Congreso de Estados Unidos. El rol de su gesti\u00f3n sobre el sector energ\u00e9tico en la provincia de San Juan fue clave. Esto se dio en el marco del reciente anuncio del primer plan de inversi\u00f3n en la provincia bajo el R\u00e9gimen de Incentivo a las Grandes Inversiones &#8211; RIGI -, a partir de la presentaci\u00f3n del proyecto de explotaci\u00f3n de oro en el yacimiento Gualcamayo.<\/p>\n<p>Adem\u00e1s, el gobernador de San Juan, Dr. Marcelo Orrego aprovech\u00f3 la ocasi\u00f3n para promover el desarrollo de una agenda com\u00fan que impulse la innovaci\u00f3n y la sostenibilidad en el sector.<\/p>\n<p><iframe loading=\"lazy\" title=\"EN VIVO| Donald Trump asume su segundo mandato como presidente de los EE.UU\" width=\"800\" height=\"450\" src=\"https:\/\/www.youtube.com\/embed\/ERRm2RvupLg?feature=oembed\" frameborder=\"0\" allow=\"accelerometer; autoplay; clipboard-write; encrypted-media; gyroscope; picture-in-picture; web-share\" referrerpolicy=\"strict-origin-when-cross-origin\" allowfullscreen><\/iframe><\/p>\n","protected":false},"excerpt":{"rendered":"<p>El Lunes, 20 de Enero de 2025, el gobernador de San Juan, Dr. Marcelo Orrego, estuvo presente en el acto<\/p>\n","protected":false},"author":3,"featured_media":81723,"comment_status":"closed","ping_status":"closed","sticky":false,"template":"","format":"standard","meta":{"_acf_changed":false,"_seopress_robots_primary_cat":"none","_seopress_titles_title":"","_seopress_titles_desc":"","_seopress_robots_index":"","colormag_page_container_layout":"default_layout","colormag_page_sidebar_layout":"default_layout","footnotes":""},"categories":[1,7],"tags":[],"class_list":["post-81720","post","type-post","status-publish","format-standard","has-post-thumbnail","hentry","category-destacadas","category-videos"],"acf":[],"_links":{"self":[{"href":"https:\/\/vocesparalelas.com.ar\/sitio\/wp-json\/wp\/v2\/posts\/81720","targetHints":{"allow":["GET"]}}],"collection":[{"href":"https:\/\/vocesparalelas.com.ar\/sitio\/wp-json\/wp\/v2\/posts"}],"about":[{"href":"https:\/\/vocesparalelas.com.ar\/sitio\/wp-json\/wp\/v2\/types\/post"}],"author":[{"embeddable":true,"href":"https:\/\/vocesparalelas.com.ar\/sitio\/wp-json\/wp\/v2\/users\/3"}],"replies":[{"embeddable":true,"href":"https:\/\/vocesparalelas.com.ar\/sitio\/wp-json\/wp\/v2\/comments?post=81720"}],"version-history":[{"count":1,"href":"https:\/\/vocesparalelas.com.ar\/sitio\/wp-json\/wp\/v2\/posts\/81720\/revisions"}],"predecessor-version":[{"id":81725,"href":"https:\/\/vocesparalelas.com.ar\/sitio\/wp-json\/wp\/v2\/posts\/81720\/revisions\/81725"}],"wp:featuredmedia":[{"embeddable":true,"href":"https:\/\/vocesparalelas.com.ar\/sitio\/wp-json\/wp\/v2\/media\/81723"}],"wp:attachment":[{"href":"https:\/\/vocesparalelas.com.ar\/sitio\/wp-json\/wp\/v2\/media?parent=81720"}],"wp:term":[{"taxonomy":"category","embeddable":true,"href":"https:\/\/vocesparalelas.com.ar\/sitio\/wp-json\/wp\/v2\/categories?post=81720"},{"taxonomy":"post_tag","embeddable":true,"href":"https:\/\/vocesparalelas.com.ar\/sitio\/wp-json\/wp\/v2\/tags?post=81720"}],"curies":[{"name":"wp","href":"https:\/\/api.w.org\/{rel}","templated":true}]}}