{"id":81714,"date":"2025-01-20T20:06:03","date_gmt":"2025-01-20T23:06:03","guid":{"rendered":"https:\/\/vocesparalelas.com.ar\/sitio\/?p=81714"},"modified":"2025-01-20T20:06:03","modified_gmt":"2025-01-20T23:06:03","slug":"asumio-el-47-presidente-de-los-eeuu-donald-trump","status":"publish","type":"post","link":"https:\/\/vocesparalelas.com.ar\/sitio\/asumio-el-47-presidente-de-los-eeuu-donald-trump\/","title":{"rendered":"Asumi\u00f3 el 47\u00b0 Presidente de los EEUU, Donald Trump"},"content":{"rendered":"<p class=\"paragraph\">El Lunes, 20 de Enero de 2025, asumi\u00f3 el 47\u00b0 Presidente de los EEUU, Donald Trump, tras un primer mandato entre 2017 y 2021, sucediendo al dem\u00f3crata Joe Biden.<\/p>\n<p class=\"paragraph\">Con una mano sobre una biblia heredada de su madre, el republicano, de 78 a\u00f1os,\u00a0jur\u00f3 \u201cproteger la Constituci\u00f3n\u201d\u00a0bajo la c\u00fapula del\u00a0Capitolio\u00a0al mediod\u00eda hora de Washington (17H00 GMT).<\/p>\n<p class=\"paragraph\">Por primera vez en d\u00e9cadas, la investidura se celebr\u00f3 en el interior del edificio. La ceremonia cont\u00f3 con la presencia de l\u00edderes mundiales y magnates de Silicon Valley, y culmina con la firma de un centenar de \u00f3rdenes ejecutivas para revertir las pol\u00edticas de su predecesor<\/p>\n<p class=\"header body-blogging-sub-header pinned-header\"><strong><span style=\"color: #ff0000;\">En pocas l\u00edneas:<\/span><\/strong><\/p>\n<ul>\n<li class=\"body-blogging-pinned\">Los anuncios de Donald Trump en su discurso tras asumir como presidente de Estados Unidos<\/li>\n<li class=\"body-blogging-pinned\">\u00bfQui\u00e9nes asistieron a la toma de posesi\u00f3n de Donald Trump? Una gu\u00eda de los invitados destacados<\/li>\n<li class=\"body-blogging-pinned\">Asumi\u00f3 Donald Trump: \u201cFui salvado por Dios para hacer grande de nuevo a Estados Unidos\u201d<\/li>\n<\/ul>\n<figure id=\"attachment_81718\" aria-describedby=\"caption-attachment-81718\" style=\"width: 800px\" class=\"wp-caption alignnone\"><img loading=\"lazy\" decoding=\"async\" class=\"size-full wp-image-81718\" src=\"https:\/\/vocesparalelas.com.ar\/sitio\/wp-content\/uploads\/2025\/01\/TRUMP-EEUU.jpg\" alt=\"\" width=\"800\" height=\"453\" srcset=\"https:\/\/vocesparalelas.com.ar\/sitio\/wp-content\/uploads\/2025\/01\/TRUMP-EEUU.jpg 800w, https:\/\/vocesparalelas.com.ar\/sitio\/wp-content\/uploads\/2025\/01\/TRUMP-EEUU-300x170.jpg 300w, https:\/\/vocesparalelas.com.ar\/sitio\/wp-content\/uploads\/2025\/01\/TRUMP-EEUU-768x435.jpg 768w\" sizes=\"auto, (max-width: 800px) 100vw, 800px\" \/><figcaption id=\"caption-attachment-81718\" class=\"wp-caption-text\">J.D. Vance y Donald Trump<\/figcaption><\/figure>\n","protected":false},"excerpt":{"rendered":"<p>El Lunes, 20 de Enero de 2025, asumi\u00f3 el 47\u00b0 Presidente de los EEUU, Donald Trump, tras un primer mandato<\/p>\n","protected":false},"author":3,"featured_media":81717,"comment_status":"closed","ping_status":"closed","sticky":false,"template":"","format":"standard","meta":{"_acf_changed":false,"_seopress_robots_primary_cat":"none","_seopress_titles_title":"","_seopress_titles_desc":"","_seopress_robots_index":"","colormag_page_container_layout":"default_layout","colormag_page_sidebar_layout":"default_layout","footnotes":""},"categories":[1],"tags":[],"class_list":["post-81714","post","type-post","status-publish","format-standard","has-post-thumbnail","hentry","category-destacadas"],"acf":[],"_links":{"self":[{"href":"https:\/\/vocesparalelas.com.ar\/sitio\/wp-json\/wp\/v2\/posts\/81714","targetHints":{"allow":["GET"]}}],"collection":[{"href":"https:\/\/vocesparalelas.com.ar\/sitio\/wp-json\/wp\/v2\/posts"}],"about":[{"href":"https:\/\/vocesparalelas.com.ar\/sitio\/wp-json\/wp\/v2\/types\/post"}],"author":[{"embeddable":true,"href":"https:\/\/vocesparalelas.com.ar\/sitio\/wp-json\/wp\/v2\/users\/3"}],"replies":[{"embeddable":true,"href":"https:\/\/vocesparalelas.com.ar\/sitio\/wp-json\/wp\/v2\/comments?post=81714"}],"version-history":[{"count":1,"href":"https:\/\/vocesparalelas.com.ar\/sitio\/wp-json\/wp\/v2\/posts\/81714\/revisions"}],"predecessor-version":[{"id":81719,"href":"https:\/\/vocesparalelas.com.ar\/sitio\/wp-json\/wp\/v2\/posts\/81714\/revisions\/81719"}],"wp:featuredmedia":[{"embeddable":true,"href":"https:\/\/vocesparalelas.com.ar\/sitio\/wp-json\/wp\/v2\/media\/81717"}],"wp:attachment":[{"href":"https:\/\/vocesparalelas.com.ar\/sitio\/wp-json\/wp\/v2\/media?parent=81714"}],"wp:term":[{"taxonomy":"category","embeddable":true,"href":"https:\/\/vocesparalelas.com.ar\/sitio\/wp-json\/wp\/v2\/categories?post=81714"},{"taxonomy":"post_tag","embeddable":true,"href":"https:\/\/vocesparalelas.com.ar\/sitio\/wp-json\/wp\/v2\/tags?post=81714"}],"curies":[{"name":"wp","href":"https:\/\/api.w.org\/{rel}","templated":true}]}}