{"id":81711,"date":"2025-03-06T09:30:07","date_gmt":"2025-03-06T12:30:07","guid":{"rendered":"https:\/\/vocesparalelas.com.ar\/sitio\/?p=81711"},"modified":"2025-03-06T23:06:57","modified_gmt":"2025-03-07T02:06:57","slug":"feria-agroproductiva-2025-en-san-juan","status":"publish","type":"post","link":"https:\/\/vocesparalelas.com.ar\/sitio\/feria-agroproductiva-2025-en-san-juan\/","title":{"rendered":"Feria Agroproductiva 2025 en San Juan"},"content":{"rendered":"<p>Durante 2025 se desarrolla la Feria Agroproductiva donde los asientes pueden comprar productos de San Juan de muy buena calidad y excelente precio con dos espacios de acceso del p\u00fablico como es el Paseo de las Palmeras del Parque de Mayo y en la Plaza Seca del Centro C\u00edvico.<\/p>\n<p>Esta gran oportunidad es organizada por la Secretar\u00eda de Agricultura, Ganader\u00eda y Agroindustria, por intermedio de la Direcci\u00f3n Desarrollo Agropecuario del Ministerio de Producci\u00f3n, Trabajo e Innovaci\u00f3n del Gobierno de San Juan y participan productores y emprendedores provenientes de los 19 departamentos de la provincia de San Juan.<\/p>\n<p>El secreto del \u00e9xito de la feria radica en encontrar productos de muy buena calidad a un precio accesible y que los interesados la visitan en cada presentaci\u00f3n para comprar frutas y verduras, pasando por huevos, embutidos, dulces, conservas, plantas y panificados son los productos que esperan a quienes concurran.<\/p>\n<p><strong><span style=\"color: #ff6600;\">Cronograma de la Feria 2025<\/span><\/strong><\/p>\n<p><strong><span style=\"color: #ff6600;\">07; 14 y 21 de Febrero de 2025<\/span><\/strong><\/p>\n<ul>\n<li>Lugar: Paseo de las Palmeras del Parque de Mayo<\/li>\n<li>D\u00eda: Viernes. 07 de Febrero<\/li>\n<li>Horario: 19:00 a 00 hs<\/li>\n<\/ul>\n<p>&nbsp;<\/p>\n<ul>\n<li>Lugar: Paseo de las Palmeras del Parque de Mayo<\/li>\n<li>D\u00eda: Viernes, 21 de Febrero<\/li>\n<li>Horario: 19:00 a 00 hs<\/li>\n<\/ul>\n<p>&nbsp;<\/p>\n<ul>\n<li>Lugar: Plaza Seca Centro C\u00edvico<\/li>\n<li>Dia: Viernes 14 de febrero<\/li>\n<li>Horario: 8:30 a 13:00 hs<\/li>\n<\/ul>\n<p><strong><span style=\"color: #ff6600;\">07 y 15 de Marzo 2025<\/span><\/strong><\/p>\n<ul>\n<li>Lugar: Paseo de las Palmeras del Parque de Mayo<\/li>\n<li>D\u00eda: Viernes, 07 de Marzo<\/li>\n<li>Horario: 19:00 a 00 hs<\/li>\n<\/ul>\n<p>&nbsp;<\/p>\n<ul>\n<li>Lugar: Paseo de las Palmeras del Parque de Mayo<\/li>\n<li>D\u00eda: S\u00e1bado 15 de Marzo<\/li>\n<li>Horario: 9:00 a 13:30 hs<\/li>\n<\/ul>\n<p><strong><span style=\"color: #ff6600;\">05 y 16 de Abril 2025<\/span><\/strong><\/p>\n<ul>\n<li>Lugar: Paseo de las Palmeras del Parque de Mayo<\/li>\n<li>D\u00eda: S\u00e1bado 05 de Abril<\/li>\n<li>Horario: 9:00 a 13:30 hs<\/li>\n<\/ul>\n<p>&nbsp;<\/p>\n<ul>\n<li>Lugar: Plaza Seca Centro C\u00edvico<\/li>\n<li>Dia: jueves 16 de abril<\/li>\n<li>Horario: 8:30 a 13:00 hs<\/li>\n<\/ul>\n<p><strong><span style=\"color: #ff6600;\">03 y 17 de Mayo 2025<\/span><\/strong><\/p>\n<ul>\n<li>Lugar: Paseo de las Palmeras del Parque de Mayo<\/li>\n<li>D\u00eda: S\u00e1bado 03 de Mayo<\/li>\n<li>Horario: 9:00 a 14:00 hs<\/li>\n<\/ul>\n<p>&nbsp;<\/p>\n<ul>\n<li>Lugar: Paseo de las Palmeras del Parque de Mayo<\/li>\n<li>D\u00eda: S\u00e1bado 17<\/li>\n<li>Horario: 9:00 a 14:00 hs<\/li>\n<\/ul>\n<p>&nbsp;<\/p>\n<p><strong><span style=\"color: #ff6600;\">07 y 21 de Junio 2025<\/span><\/strong><\/p>\n<ul>\n<li>Lugar: Paseo de las Palmeras del Parque de Mayo<\/li>\n<li>D\u00eda: S\u00e1bado, 07 de Junio<\/li>\n<li>Horario: 9:30 a 14:00 hs<\/li>\n<\/ul>\n<p>&nbsp;<\/p>\n<ul>\n<li>Lugar: Paseo de las Palmeras del Parque de Mayo<\/li>\n<li>D\u00eda: S\u00e1bado, 21 de Junio<\/li>\n<li>Horario: 9:30 a 14:00 hs<\/li>\n<\/ul>\n<p><strong><span style=\"color: #ff6600;\">05 y 19 de Julio 2025<\/span><\/strong><\/p>\n<ul>\n<li>Lugar: Paseo de las Palmeras del Parque de Mayo<\/li>\n<li>D\u00eda: S\u00e1bado 5 de Julio<\/li>\n<li>Horario: 9:30 a 14:00 hs<\/li>\n<\/ul>\n<p>&nbsp;<\/p>\n<ul>\n<li>Lugar: Paseo de las Palmeras del Parque de Mayo<\/li>\n<li>D\u00eda: S\u00e1bado 19 de Julio<\/li>\n<li>Horario: 9:30 a 14:00 hs<\/li>\n<\/ul>\n<p><strong><span style=\"color: #ff6600;\">02, 16 y 22 de Agosto 2025<\/span><\/strong><\/p>\n<ul>\n<li>Lugar: Paseo de las Palmeras del Parque de Mayo<\/li>\n<li>D\u00eda: S\u00e1bado 02 de Agosto<\/li>\n<li>Horario: 9:30 a 14:00 hs<\/li>\n<\/ul>\n<p>&nbsp;<\/p>\n<ul>\n<li>Lugar: Paseo de las Palmeras del Parque de Mayo<\/li>\n<li>D\u00eda: S\u00e1bado 16 de Agosto<\/li>\n<li>Horario: 9:30 a 14:00 hs<\/li>\n<\/ul>\n<p>&nbsp;<\/p>\n<ul>\n<li>Lugar: Plaza Seca Centro C\u00edvico<\/li>\n<li>Dia: viernes 22 de Agosto<\/li>\n<li>Horario: 8:30 a 13:00 hs<\/li>\n<\/ul>\n<p><span style=\"color: #ff6600;\"><strong>06 y 20 de Septiembre 2025<\/strong><\/span><\/p>\n<ul>\n<li>Lugar: Paseo de las Palmeras del Parque de Mayo<\/li>\n<li>D\u00eda: S\u00e1bado 06 de Septiembre<\/li>\n<li>Horario: 9:30 a 14:00 hs<\/li>\n<\/ul>\n<p>&nbsp;<\/p>\n<ul>\n<li>Lugar: Paseo de las Palmeras del Parque de Mayo<\/li>\n<li>D\u00eda: S\u00e1bado 20 de Septiembre<\/li>\n<li>Horario: 9:30 a 14:00 hs<\/li>\n<\/ul>\n<p><strong><span style=\"color: #ff6600;\">04 y 18 de Octubre 2025<\/span><\/strong><\/p>\n<ul>\n<li>Lugar: Paseo de las Palmeras del Parque de Mayo<\/li>\n<li>D\u00eda: S\u00e1bado, 04 de Octubre<\/li>\n<li>Horario: 9:00 a 13:30 hs<\/li>\n<\/ul>\n<p>&nbsp;<\/p>\n<ul>\n<li>Lugar: Paseo de las Palmeras del Parque de Mayo<\/li>\n<li>D\u00eda: S\u00e1bado, 18 de Octubre<\/li>\n<li>Horario: 9:00 a 13:30 hs<\/li>\n<\/ul>\n<p><strong><span style=\"color: #ff6600;\">01 y 15 de Noviembre 2025<\/span><\/strong><\/p>\n<ul>\n<li>Lugar: Paseo de las Palmeras del Parque de Mayo<\/li>\n<li>D\u00eda: S\u00e1bado, 01 de Noviembre<\/li>\n<li>Horario: 9:00 a 13:00 hs<\/li>\n<\/ul>\n<p>&nbsp;<\/p>\n<ul>\n<li>Lugar: Paseo de las Palmeras del Parque de Mayo<\/li>\n<li>D\u00eda: S\u00e1bado, 15 de Noviembre<\/li>\n<li>Horario: 9:00 a 13:00 hs<\/li>\n<\/ul>\n<p><span style=\"color: #ff6600;\"><strong>06 y 20 de Diciembre 2025<\/strong><\/span><\/p>\n<ul>\n<li>Lugar: Paseo de las Palmeras del Parque de Mayo<\/li>\n<li>D\u00eda: S\u00e1bado 06 de Diciembre<\/li>\n<li>Horario: 9:00 a 13:30 hs<\/li>\n<\/ul>\n<p>&nbsp;<\/p>\n<ul>\n<li>Lugar: Paseo de las Palmeras del Parque de Mayo<\/li>\n<li>D\u00eda: S\u00e1bado 20 de Diciembre<\/li>\n<li>Horario: 9:00 a 13:30 hs<\/li>\n<\/ul>\n<p><iframe loading=\"lazy\" title=\"FERIA AGROPRODUCTIVA SAN JUAN\" width=\"800\" height=\"450\" src=\"https:\/\/www.youtube.com\/embed\/s3Ywi3Ao_z4?feature=oembed\" frameborder=\"0\" allow=\"accelerometer; autoplay; clipboard-write; encrypted-media; gyroscope; picture-in-picture; web-share\" referrerpolicy=\"strict-origin-when-cross-origin\" allowfullscreen><\/iframe><\/p>\n<p>&nbsp;<\/p>\n","protected":false},"excerpt":{"rendered":"<p>Durante 2025 se desarrolla la Feria Agroproductiva donde los asientes pueden comprar productos de San Juan de muy buena calidad<\/p>\n","protected":false},"author":3,"featured_media":71556,"comment_status":"closed","ping_status":"closed","sticky":false,"template":"","format":"standard","meta":{"_acf_changed":false,"_seopress_robots_primary_cat":"none","_seopress_titles_title":"","_seopress_titles_desc":"","_seopress_robots_index":"","colormag_page_container_layout":"default_layout","colormag_page_sidebar_layout":"default_layout","footnotes":""},"categories":[6,7],"tags":[],"class_list":["post-81711","post","type-post","status-publish","format-standard","has-post-thumbnail","hentry","category-eventos","category-videos"],"acf":[],"_links":{"self":[{"href":"https:\/\/vocesparalelas.com.ar\/sitio\/wp-json\/wp\/v2\/posts\/81711","targetHints":{"allow":["GET"]}}],"collection":[{"href":"https:\/\/vocesparalelas.com.ar\/sitio\/wp-json\/wp\/v2\/posts"}],"about":[{"href":"https:\/\/vocesparalelas.com.ar\/sitio\/wp-json\/wp\/v2\/types\/post"}],"author":[{"embeddable":true,"href":"https:\/\/vocesparalelas.com.ar\/sitio\/wp-json\/wp\/v2\/users\/3"}],"replies":[{"embeddable":true,"href":"https:\/\/vocesparalelas.com.ar\/sitio\/wp-json\/wp\/v2\/comments?post=81711"}],"version-history":[{"count":1,"href":"https:\/\/vocesparalelas.com.ar\/sitio\/wp-json\/wp\/v2\/posts\/81711\/revisions"}],"predecessor-version":[{"id":81731,"href":"https:\/\/vocesparalelas.com.ar\/sitio\/wp-json\/wp\/v2\/posts\/81711\/revisions\/81731"}],"wp:featuredmedia":[{"embeddable":true,"href":"https:\/\/vocesparalelas.com.ar\/sitio\/wp-json\/wp\/v2\/media\/71556"}],"wp:attachment":[{"href":"https:\/\/vocesparalelas.com.ar\/sitio\/wp-json\/wp\/v2\/media?parent=81711"}],"wp:term":[{"taxonomy":"category","embeddable":true,"href":"https:\/\/vocesparalelas.com.ar\/sitio\/wp-json\/wp\/v2\/categories?post=81711"},{"taxonomy":"post_tag","embeddable":true,"href":"https:\/\/vocesparalelas.com.ar\/sitio\/wp-json\/wp\/v2\/tags?post=81711"}],"curies":[{"name":"wp","href":"https:\/\/api.w.org\/{rel}","templated":true}]}}