{"id":81694,"date":"2025-01-18T13:30:18","date_gmt":"2025-01-18T16:30:18","guid":{"rendered":"https:\/\/vocesparalelas.com.ar\/sitio\/?p=81694"},"modified":"2025-01-20T23:16:16","modified_gmt":"2025-01-21T02:16:16","slug":"en-el-festival-nacional-del-malambo-2025-san-juan-tiene-cuatro-finalistas","status":"publish","type":"post","link":"https:\/\/vocesparalelas.com.ar\/sitio\/en-el-festival-nacional-del-malambo-2025-san-juan-tiene-cuatro-finalistas\/","title":{"rendered":"En el Festival Nacional del Malambo 2025 San Juan tiene cuatro finalistas\u00a0"},"content":{"rendered":"<p>La delegaci\u00f3n de la Provincia de San Juan brill\u00f3 en las categor\u00edas Malambo Juvenil, Malambo Contrapunto, D\u00fao de Canto y Recitador gauchesco. El Domingo por la madrugada se conocen los ganadores.<\/p>\n<p>La provincia de San Juan demostr\u00f3 una vez m\u00e1s su talento y pasi\u00f3n por el folklore argentino al lograr la clasificaci\u00f3n de cuatro representantes a la gran final del Festival Nacional de Malambo Laborde 2025. Este reconocido certamen, que re\u00fane a los mejores exponentes de la tradici\u00f3n gaucha de todo el pa\u00eds, celebrar\u00e1 sus finales este s\u00e1bado 18 de enero.<\/p>\n<p>En esta ocasi\u00f3n, San Juan est\u00e1 presente en las siguientes categor\u00edas:<\/p>\n<ul>\n<li>Malambo Juvenil, Thiago S\u00e1nchez;<\/li>\n<li>Malambo Contrapunto, V\u00edctor Gonz\u00e1lez;<\/li>\n<li>D\u00fao de Canto compuesto por Franco Pacheco y Daniel Rodr\u00edguez y<\/li>\n<li>Recitador Gauchesco; Juanjo Recabarren.<\/li>\n<\/ul>\n<p>La expectativa es alta, ya que el Festival de Malambo es conocido por su nivel competitivo y su importancia dentro del panorama cultural del pa\u00eds. Los ganadores de cada categor\u00eda ser\u00e1n anunciados durante la madrugada del Domingo, 19 de Enero.<\/p>\n<p>&nbsp;<\/p>\n<p><img loading=\"lazy\" decoding=\"async\" class=\"alignnone size-full wp-image-81698\" src=\"https:\/\/vocesparalelas.com.ar\/sitio\/wp-content\/uploads\/2025\/01\/SAN-JUAN-MALAMBO-2025-02.jpg\" alt=\"\" width=\"800\" height=\"450\" srcset=\"https:\/\/vocesparalelas.com.ar\/sitio\/wp-content\/uploads\/2025\/01\/SAN-JUAN-MALAMBO-2025-02.jpg 800w, https:\/\/vocesparalelas.com.ar\/sitio\/wp-content\/uploads\/2025\/01\/SAN-JUAN-MALAMBO-2025-02-300x169.jpg 300w, https:\/\/vocesparalelas.com.ar\/sitio\/wp-content\/uploads\/2025\/01\/SAN-JUAN-MALAMBO-2025-02-768x432.jpg 768w\" sizes=\"auto, (max-width: 800px) 100vw, 800px\" \/><\/p>\n","protected":false},"excerpt":{"rendered":"<p>La delegaci\u00f3n de la Provincia de San Juan brill\u00f3 en las categor\u00edas Malambo Juvenil, Malambo Contrapunto, D\u00fao de Canto y<\/p>\n","protected":false},"author":3,"featured_media":81697,"comment_status":"closed","ping_status":"closed","sticky":false,"template":"","format":"standard","meta":{"_acf_changed":false,"_seopress_robots_primary_cat":"none","_seopress_titles_title":"","_seopress_titles_desc":"","_seopress_robots_index":"","colormag_page_container_layout":"default_layout","colormag_page_sidebar_layout":"default_layout","footnotes":""},"categories":[8],"tags":[],"class_list":["post-81694","post","type-post","status-publish","format-standard","has-post-thumbnail","hentry","category-concursos"],"acf":[],"_links":{"self":[{"href":"https:\/\/vocesparalelas.com.ar\/sitio\/wp-json\/wp\/v2\/posts\/81694","targetHints":{"allow":["GET"]}}],"collection":[{"href":"https:\/\/vocesparalelas.com.ar\/sitio\/wp-json\/wp\/v2\/posts"}],"about":[{"href":"https:\/\/vocesparalelas.com.ar\/sitio\/wp-json\/wp\/v2\/types\/post"}],"author":[{"embeddable":true,"href":"https:\/\/vocesparalelas.com.ar\/sitio\/wp-json\/wp\/v2\/users\/3"}],"replies":[{"embeddable":true,"href":"https:\/\/vocesparalelas.com.ar\/sitio\/wp-json\/wp\/v2\/comments?post=81694"}],"version-history":[{"count":1,"href":"https:\/\/vocesparalelas.com.ar\/sitio\/wp-json\/wp\/v2\/posts\/81694\/revisions"}],"predecessor-version":[{"id":81699,"href":"https:\/\/vocesparalelas.com.ar\/sitio\/wp-json\/wp\/v2\/posts\/81694\/revisions\/81699"}],"wp:featuredmedia":[{"embeddable":true,"href":"https:\/\/vocesparalelas.com.ar\/sitio\/wp-json\/wp\/v2\/media\/81697"}],"wp:attachment":[{"href":"https:\/\/vocesparalelas.com.ar\/sitio\/wp-json\/wp\/v2\/media?parent=81694"}],"wp:term":[{"taxonomy":"category","embeddable":true,"href":"https:\/\/vocesparalelas.com.ar\/sitio\/wp-json\/wp\/v2\/categories?post=81694"},{"taxonomy":"post_tag","embeddable":true,"href":"https:\/\/vocesparalelas.com.ar\/sitio\/wp-json\/wp\/v2\/tags?post=81694"}],"curies":[{"name":"wp","href":"https:\/\/api.w.org\/{rel}","templated":true}]}}