{"id":81638,"date":"2025-01-16T22:33:55","date_gmt":"2025-01-17T01:33:55","guid":{"rendered":"https:\/\/vocesparalelas.com.ar\/sitio\/?p=81638"},"modified":"2025-01-18T12:29:10","modified_gmt":"2025-01-18T15:29:10","slug":"la-republica-argentina-presente-en-la-asuncion-a-presidente-de-eeuu-donald-trump","status":"publish","type":"post","link":"https:\/\/vocesparalelas.com.ar\/sitio\/la-republica-argentina-presente-en-la-asuncion-a-presidente-de-eeuu-donald-trump\/","title":{"rendered":"La Rep\u00fablica Argentina presente en la asunci\u00f3n a Presidente de EEUU Donald Trump"},"content":{"rendered":"<p>El presidente de la Rep\u00fablica Argentina, Economista Javier Milei inicia su gira internacional a los Estados Unidos, donde participa de la asunci\u00f3n a Presidente de EEUU Donald Trump y se re\u00fane con importantes dirigentes republicanos, y a Suiza, donde asiste una vez m\u00e1s al Foro Econ\u00f3mico de Davos.<\/p>\n<p class=\"paragraph\" data-mrf-recirculation=\"Links inline\">De acuerdo con lo que precisaron fuentes cercanas al mandatario nacional, hasta el momento tiene previsto partir el Viernes, 17 de Enero, a las 23:59 con rumbo a Washington D.C., su primera parada.<\/p>\n<figure id=\"attachment_81610\" aria-describedby=\"caption-attachment-81610\" style=\"width: 800px\" class=\"wp-caption alignnone\"><img loading=\"lazy\" decoding=\"async\" class=\"size-full wp-image-81610\" src=\"https:\/\/vocesparalelas.com.ar\/sitio\/wp-content\/uploads\/2025\/01\/Donald-Trump.jpg\" alt=\"\" width=\"800\" height=\"454\" srcset=\"https:\/\/vocesparalelas.com.ar\/sitio\/wp-content\/uploads\/2025\/01\/Donald-Trump.jpg 800w, https:\/\/vocesparalelas.com.ar\/sitio\/wp-content\/uploads\/2025\/01\/Donald-Trump-300x170.jpg 300w, https:\/\/vocesparalelas.com.ar\/sitio\/wp-content\/uploads\/2025\/01\/Donald-Trump-768x436.jpg 768w\" sizes=\"auto, (max-width: 800px) 100vw, 800px\" \/><figcaption id=\"caption-attachment-81610\" class=\"wp-caption-text\">Presidente de EEUU, Donald Trump<\/figcaption><\/figure>\n<div class=\"inline ad-wrapper\">\n<div><\/div>\n<div class=\"dfpAd ad-inline\">Debido a que el avi\u00f3n presidencial comprado durante la gesti\u00f3n de Dr. Alberto Fern\u00e1ndez todav\u00eda no est\u00e1 con su capacidad completa de operaci\u00f3n, el jefe de Estado debe hacer una escala t\u00e9cnica a mitad del viaje, aunque todav\u00eda no est\u00e1 definido el pa\u00eds.<\/div>\n<div class=\"dfpAd ad-inline\">Cuando ya se encuentre en Washington, Milei ir\u00e1 en primer lugar a una cena y baile organizada por la agrupaci\u00f3n Hispano en el hotel Omnide esa ciudad, en honor al triunfo de Trump.<\/div>\n<\/div>\n<p class=\"paragraph\" data-mrf-recirculation=\"Links inline\">En ese lugar est\u00e1n, entre otros, los gobernadores Kristi Noem\u00a0(Dakota del sur) y\u00a0Rick Perry\u00a0(Texas, mandato cumplido), y los senadores\u00a0Marco Rubio,\u00a0Ron Johnson,\u00a0Ted Cruz\u00a0y\u00a0Bernie Moreno.<\/p>\n<p class=\"paragraph\" data-mrf-recirculation=\"Links inline\">Tambi\u00e9n habr\u00e1 importantes referentes del Partido Republicano y de algunos de sus aliados, como\u00a0Donald Trump Jr.,\u00a0Sean Duffy,\u00a0Robert F. Kennedy Jr.,\u00a0Tulsi Gabbard,\u00a0Leah Francis Campos,\u00a0Christopher Landau,\u00a0Ben Carson\u00a0y\u00a0Lori Chavez DeRemer.<\/p>\n<p class=\"paragraph\" data-mrf-recirculation=\"Links inline\">Por \u00faltimo, entre los invitados est\u00e1n figuras de la televisi\u00f3n, el sector privado y la pol\u00edtica local, como la presentadora\u00a0Rachel Campos Duffy; la<\/p>\n<p class=\"paragraph\" data-mrf-recirculation=\"Links inline\">ex primera dama de San Francisco,\u00a0Kimberly Guilfoyle, y el empresario alimenticio de ascendencia espa\u00f1ola\u00a0Bob Unanue.<\/p>\n<p class=\"paragraph\" data-mrf-recirculation=\"Links inline\">El Presidente fue invitado a este evento por la plataforma financiera Latino Wall Street (LWS), que le entregar\u00e1 durante la velada el \u201cPremio LWS 2025 &#8211; Tit\u00e1n de la Reforma Econ\u00f3mica\u201d por su \u201cextraordinario liderazgo y sus logros transformadores\u201d.<\/p>\n<p class=\"paragraph\" data-mrf-recirculation=\"Links inline\">Unos d\u00edas m\u00e1s tarde, Milei participar\u00e1 de la asunci\u00f3n de Trump, donde volver\u00e1 a verse con los m\u00e1s importantes jefes de Estado del mundo, comoGiorgia Meloni, de Italia,\u00a0Emmanuel Macron, de Francia;\u00a0Olaf Scholz, de Alemania, y\u00a0Keir Starmer, flamante primer ministro del Reino Unido, entre otros.<\/p>\n<p class=\"paragraph\" data-mrf-recirculation=\"Links inline\">Si bien evit\u00f3 pronunciarse de manera contundente durante las elecciones norteamericanas, el libertario mostr\u00f3 su preferencia hacia el l\u00edder republicano, por quien apost\u00f3 a lo largo de la campa\u00f1a.<\/p>\n<p class=\"paragraph\" data-mrf-recirculation=\"Links inline\">De hecho, poco despu\u00e9s de que Trump saliera victorioso en los comicios de su pa\u00eds,\u00a0el presidente argentino fue al primer mandatario que recibi\u00f3 en su mansi\u00f3n de Mar-A-Lago, en la Florida.<\/p>\n<p class=\"paragraph\" data-mrf-recirculation=\"Links inline\">\u201cHas hecho un trabajo fant\u00e1stico en un periodo de tiempo muy corto. El trabajo que has hecho es incre\u00edble. Volver a hacer grande a Argentina. Ya sabes\u00a0Make Argentina Grate\u00a0Again.\u00a0Funciona bien con la A, no funciona con otros pa\u00edses\u201d, se\u00f1al\u00f3 el futuro presidente estadounidense, con tono jocoso, en aquella oportunidad.<\/p>\n<p class=\"paragraph\" data-mrf-recirculation=\"Links inline\">Luego de este acto en Washington D.C., Milei partir\u00e1 rumbo a Suiza para asistir, una vez m\u00e1s, al\u00a0Foro Econ\u00f3mico Mundial de Davos, donde se espera que vuelva a dar un discurso cr\u00edtico de ese organismo.<\/p>\n<p class=\"paragraph\" data-mrf-recirculation=\"Links inline\">Fuente: Infobae<\/p>\n<blockquote class=\"wp-embedded-content\" data-secret=\"gd2plB8pht\"><p><a href=\"https:\/\/vocesparalelas.com.ar\/sitio\/san-juan-presente-en-el-acto-de-asuncion-de-donald-trump-en-estados-unidos\/\">San Juan presente en el acto de asunci\u00f3n de Donald Trump en Estados Unidos<\/a><\/p><\/blockquote>\n<p><iframe loading=\"lazy\" class=\"wp-embedded-content\" sandbox=\"allow-scripts\" security=\"restricted\" style=\"position: absolute; visibility: hidden;\" title=\"\u00abSan Juan presente en el acto de asunci\u00f3n de Donald Trump en Estados Unidos\u00bb \u2014 Voces Paralelas\" src=\"https:\/\/vocesparalelas.com.ar\/sitio\/san-juan-presente-en-el-acto-de-asuncion-de-donald-trump-en-estados-unidos\/embed\/#?secret=SxWxgF07VE#?secret=gd2plB8pht\" data-secret=\"gd2plB8pht\" width=\"600\" height=\"338\" frameborder=\"0\" marginwidth=\"0\" marginheight=\"0\" scrolling=\"no\"><\/iframe><\/p>\n<p data-mrf-recirculation=\"Links inline\">\n","protected":false},"excerpt":{"rendered":"<p>El presidente de la Rep\u00fablica Argentina, Economista Javier Milei inicia su gira internacional a los Estados Unidos, donde participa de<\/p>\n","protected":false},"author":3,"featured_media":69901,"comment_status":"closed","ping_status":"closed","sticky":false,"template":"","format":"standard","meta":{"_acf_changed":false,"_seopress_robots_primary_cat":"none","_seopress_titles_title":"","_seopress_titles_desc":"","_seopress_robots_index":"","colormag_page_container_layout":"default_layout","colormag_page_sidebar_layout":"default_layout","footnotes":""},"categories":[10],"tags":[],"class_list":["post-81638","post","type-post","status-publish","format-standard","has-post-thumbnail","hentry","category-opiniones"],"acf":[],"_links":{"self":[{"href":"https:\/\/vocesparalelas.com.ar\/sitio\/wp-json\/wp\/v2\/posts\/81638","targetHints":{"allow":["GET"]}}],"collection":[{"href":"https:\/\/vocesparalelas.com.ar\/sitio\/wp-json\/wp\/v2\/posts"}],"about":[{"href":"https:\/\/vocesparalelas.com.ar\/sitio\/wp-json\/wp\/v2\/types\/post"}],"author":[{"embeddable":true,"href":"https:\/\/vocesparalelas.com.ar\/sitio\/wp-json\/wp\/v2\/users\/3"}],"replies":[{"embeddable":true,"href":"https:\/\/vocesparalelas.com.ar\/sitio\/wp-json\/wp\/v2\/comments?post=81638"}],"version-history":[{"count":3,"href":"https:\/\/vocesparalelas.com.ar\/sitio\/wp-json\/wp\/v2\/posts\/81638\/revisions"}],"predecessor-version":[{"id":81643,"href":"https:\/\/vocesparalelas.com.ar\/sitio\/wp-json\/wp\/v2\/posts\/81638\/revisions\/81643"}],"wp:featuredmedia":[{"embeddable":true,"href":"https:\/\/vocesparalelas.com.ar\/sitio\/wp-json\/wp\/v2\/media\/69901"}],"wp:attachment":[{"href":"https:\/\/vocesparalelas.com.ar\/sitio\/wp-json\/wp\/v2\/media?parent=81638"}],"wp:term":[{"taxonomy":"category","embeddable":true,"href":"https:\/\/vocesparalelas.com.ar\/sitio\/wp-json\/wp\/v2\/categories?post=81638"},{"taxonomy":"post_tag","embeddable":true,"href":"https:\/\/vocesparalelas.com.ar\/sitio\/wp-json\/wp\/v2\/tags?post=81638"}],"curies":[{"name":"wp","href":"https:\/\/api.w.org\/{rel}","templated":true}]}}