{"id":81616,"date":"2025-01-16T14:11:34","date_gmt":"2025-01-16T17:11:34","guid":{"rendered":"https:\/\/vocesparalelas.com.ar\/sitio\/?p=81616"},"modified":"2025-01-16T14:23:48","modified_gmt":"2025-01-16T17:23:48","slug":"se-conmemoro-el-81-aniversario-del-terremoto-de-1944-en-san-juan","status":"publish","type":"post","link":"https:\/\/vocesparalelas.com.ar\/sitio\/se-conmemoro-el-81-aniversario-del-terremoto-de-1944-en-san-juan\/","title":{"rendered":"Se conmemor\u00f3 el 81 aniversario del Terremoto de 1944 en San Juan"},"content":{"rendered":"<p>El Mi\u00e9rcoles, 15 de Enero, el gobierno de San Juan realiz\u00f3 un emotivo acto para recordar a las v\u00edctimas del terremoto de 1944 en la provincia.<\/p>\n<p>Estuvieron presentes Enzo Cornejo, vicepresidente primero de la C\u00e1mara de Diputados en ejercicio de la Presidencia; la ministra de Gobierno, Laura Palma, el ministro de Producci\u00f3n, Gustavo Fern\u00e1ndez; de Turismo, Cultura y Deporte, Guido Romero, la secretaria de Relaciones Internacionales, la diputada Nacional, Nancy Pic\u00f3n y autoridades de Seguridad de la Provincia.<\/p>\n<p>El acto, comenz\u00f3 con el encendido de la Eterna Llama Votiva, colocaci\u00f3n de una ofrenda floral y una emotiva ceremonia religiosa que estuvo a cargo del obispo Mario Robles. Luego, se realiz\u00f3 un minuto de silencio por las v\u00edctimas del terremoto de 1944.<\/p>\n<p><iframe loading=\"lazy\" title=\"El gobierno de San Juan conmemor\u00f3 el 81 aniversario del Terremoto del 44\" width=\"800\" height=\"450\" src=\"https:\/\/www.youtube.com\/embed\/CjDbgO_rA6A?feature=oembed\" frameborder=\"0\" allow=\"accelerometer; autoplay; clipboard-write; encrypted-media; gyroscope; picture-in-picture; web-share\" referrerpolicy=\"strict-origin-when-cross-origin\" allowfullscreen><\/iframe><\/p>\n<p>En su discurso, Enzo Cornejo, vicepresidente primero de la C\u00e1mara de Diputados en ejercicio de la Presidencia, dijo que \u201choy, con much\u00edsimo respeto, recordamos aquel 15 de enero de 1944 donde un terremoto dej\u00f3 a miles de personas en una situaci\u00f3n lamentable y una provincia destruida\u201d.<\/p>\n<p>Agreg\u00f3 que \u201choy en d\u00eda se mantiene la responsabilidad de los gobiernos para que San Juan pueda estar preparada para estos fen\u00f3menos que lamentablemente causaron mucho dolor\u201d.<\/p>\n<p>\u201cEs importante destacar el valor de la resiliencia y la uni\u00f3n de todos los sanjuaninos lo que nos permite avanza y seguir construyendo el futuro de nuestra provincia\u201d, cerr\u00f3 Cornejo.<\/p>\n<p>Para finalizar, las autoridades presentes recorrieron la capilla que se encuentra junto a la Llama Votiva, que abri\u00f3 sus puertas luego de finalizar obras de remodelaci\u00f3n.<\/p>\n<figure id=\"attachment_34320\" aria-describedby=\"caption-attachment-34320\" style=\"width: 800px\" class=\"wp-caption alignnone\"><img loading=\"lazy\" decoding=\"async\" class=\"size-full wp-image-34320\" src=\"https:\/\/vocesparalelas.com.ar\/sitio\/wp-content\/uploads\/2021\/01\/TERREMOTO-MISA-01.jpg\" alt=\"\" width=\"800\" height=\"452\" srcset=\"https:\/\/vocesparalelas.com.ar\/sitio\/wp-content\/uploads\/2021\/01\/TERREMOTO-MISA-01.jpg 800w, https:\/\/vocesparalelas.com.ar\/sitio\/wp-content\/uploads\/2021\/01\/TERREMOTO-MISA-01-300x170.jpg 300w, https:\/\/vocesparalelas.com.ar\/sitio\/wp-content\/uploads\/2021\/01\/TERREMOTO-MISA-01-768x434.jpg 768w\" sizes=\"auto, (max-width: 800px) 100vw, 800px\" \/><figcaption id=\"caption-attachment-34320\" class=\"wp-caption-text\">Cenizas de v\u00edctimas del Terremoto de 1944 en San Juan<\/figcaption><\/figure>\n","protected":false},"excerpt":{"rendered":"<p>El Mi\u00e9rcoles, 15 de Enero, el gobierno de San Juan realiz\u00f3 un emotivo acto para recordar a las v\u00edctimas del<\/p>\n","protected":false},"author":3,"featured_media":81619,"comment_status":"closed","ping_status":"closed","sticky":false,"template":"","format":"standard","meta":{"_acf_changed":false,"_seopress_robots_primary_cat":"none","_seopress_titles_title":"","_seopress_titles_desc":"","_seopress_robots_index":"","colormag_page_container_layout":"default_layout","colormag_page_sidebar_layout":"default_layout","footnotes":""},"categories":[1,7],"tags":[],"class_list":["post-81616","post","type-post","status-publish","format-standard","has-post-thumbnail","hentry","category-destacadas","category-videos"],"acf":[],"_links":{"self":[{"href":"https:\/\/vocesparalelas.com.ar\/sitio\/wp-json\/wp\/v2\/posts\/81616","targetHints":{"allow":["GET"]}}],"collection":[{"href":"https:\/\/vocesparalelas.com.ar\/sitio\/wp-json\/wp\/v2\/posts"}],"about":[{"href":"https:\/\/vocesparalelas.com.ar\/sitio\/wp-json\/wp\/v2\/types\/post"}],"author":[{"embeddable":true,"href":"https:\/\/vocesparalelas.com.ar\/sitio\/wp-json\/wp\/v2\/users\/3"}],"replies":[{"embeddable":true,"href":"https:\/\/vocesparalelas.com.ar\/sitio\/wp-json\/wp\/v2\/comments?post=81616"}],"version-history":[{"count":1,"href":"https:\/\/vocesparalelas.com.ar\/sitio\/wp-json\/wp\/v2\/posts\/81616\/revisions"}],"predecessor-version":[{"id":81620,"href":"https:\/\/vocesparalelas.com.ar\/sitio\/wp-json\/wp\/v2\/posts\/81616\/revisions\/81620"}],"wp:featuredmedia":[{"embeddable":true,"href":"https:\/\/vocesparalelas.com.ar\/sitio\/wp-json\/wp\/v2\/media\/81619"}],"wp:attachment":[{"href":"https:\/\/vocesparalelas.com.ar\/sitio\/wp-json\/wp\/v2\/media?parent=81616"}],"wp:term":[{"taxonomy":"category","embeddable":true,"href":"https:\/\/vocesparalelas.com.ar\/sitio\/wp-json\/wp\/v2\/categories?post=81616"},{"taxonomy":"post_tag","embeddable":true,"href":"https:\/\/vocesparalelas.com.ar\/sitio\/wp-json\/wp\/v2\/tags?post=81616"}],"curies":[{"name":"wp","href":"https:\/\/api.w.org\/{rel}","templated":true}]}}