{"id":81594,"date":"2025-01-15T13:45:39","date_gmt":"2025-01-15T16:45:39","guid":{"rendered":"https:\/\/vocesparalelas.com.ar\/sitio\/?p=81594"},"modified":"2025-01-16T22:00:28","modified_gmt":"2025-01-17T01:00:28","slug":"hallaron-una-nueva-especie-de-parasito-en-la-fauna-de-san-juan","status":"publish","type":"post","link":"https:\/\/vocesparalelas.com.ar\/sitio\/hallaron-una-nueva-especie-de-parasito-en-la-fauna-de-san-juan\/","title":{"rendered":"Hallaron una nueva especie de par\u00e1sito en la Fauna de San Juan"},"content":{"rendered":"<p>El Centro para la Conservaci\u00f3n de la Fauna Silvestre de la Municipalidad de la y la Universidad Nacional de San Juan celebran el hallazgo de una nueva especie de par\u00e1sito, un avance significativo para la ciencia y la conservaci\u00f3n de la fauna de San Juan.<\/p>\n<p>Esta semana se public\u00f3 un estudio realizado por los veterinarios Cynthia Gonz\u00e1lez Rivas e Iv\u00e1n Simoncelli, con la colaboraci\u00f3n del parasit\u00f3logo Dr. Gabriel Castillo, de la Facultad de Ciencias Exactas, F\u00edsicas y Naturales de la UNSJ.<\/p>\n<figure id=\"attachment_81598\" aria-describedby=\"caption-attachment-81598\" style=\"width: 800px\" class=\"wp-caption alignnone\"><img loading=\"lazy\" decoding=\"async\" class=\"size-full wp-image-81598\" src=\"https:\/\/vocesparalelas.com.ar\/sitio\/wp-content\/uploads\/2025\/01\/FAUNISTICO-PARASITO-02.jpg\" alt=\"\" width=\"800\" height=\"600\" srcset=\"https:\/\/vocesparalelas.com.ar\/sitio\/wp-content\/uploads\/2025\/01\/FAUNISTICO-PARASITO-02.jpg 800w, https:\/\/vocesparalelas.com.ar\/sitio\/wp-content\/uploads\/2025\/01\/FAUNISTICO-PARASITO-02-300x225.jpg 300w, https:\/\/vocesparalelas.com.ar\/sitio\/wp-content\/uploads\/2025\/01\/FAUNISTICO-PARASITO-02-768x576.jpg 768w\" sizes=\"auto, (max-width: 800px) 100vw, 800px\" \/><figcaption id=\"caption-attachment-81598\" class=\"wp-caption-text\">Dr. Gabriel Castillo, investigador de la FCEFN de la UNSJ<\/figcaption><\/figure>\n<p>La investigaci\u00f3n fue presentada en la prestigiosa revista cient\u00edfica b\u00falgara Historia naturalis bulgarica, bajo el t\u00edtulo: \u201cDescription of Cruzia sanjuanensis sp. nov. (Cosmocercoidea: Kathlaniidae) in the tortoise Chelonoidis chilensis (Testudines: Testudinidae) in the province of San Juan, Argentina\u201d.<\/p>\n<p>El estudio describe una nueva especie de nematodo (un tipo de gusano) que habita en el intestino grueso de la tortuga terrestre Chelonoidis chilensis, una especie emblem\u00e1tica de la regi\u00f3n cuyana.<\/p>\n<p><strong><span style=\"color: #993300;\">\u00bfPor qu\u00e9 es importante este hallazgo?<\/span><\/strong><\/p>\n<p>Aunque estas tortugas se encuentran amenazadas, se sabe muy poco sobre los par\u00e1sitos que pueden afectar su salud y su rol en el ecosistema. Identificar esta nueva especie, bautizada como Cruzia sanjuanensis, es un primer paso clave para entender su biolog\u00eda, los posibles da\u00f1os que podr\u00eda causar y, en el futuro, desarrollar medidas sanitarias preventivas para proteger tanto a las tortugas como su h\u00e1bitat.<\/p>\n<p>Este descubrimiento marca un nuevo logro para el equipo del Centro Faun\u00edstico, siendo la d\u00e9cima publicaci\u00f3n cient\u00edfica del centro y la primera descripci\u00f3n de una nueva especie para la ciencia. Es un reconocimiento m\u00e1s al esfuerzo de los investigadores sanjuaninos y al trabajo colaborativo con la UNSJ, que contin\u00faa posicionando a la regi\u00f3n en el mapa de la ciencia internacional.<\/p>\n<p>Felicitamos a los profesionales involucrados por este hito, que resalta el valor de la investigaci\u00f3n cient\u00edfica y su importancia para la conservaci\u00f3n de nuestra biodiversidad.<\/p>\n<p><img loading=\"lazy\" decoding=\"async\" class=\"alignnone size-large wp-image-25889\" src=\"https:\/\/vocesparalelas.com.ar\/sitio\/wp-content\/uploads\/2019\/12\/RIVADAVIA-FAUNISTICO-800x600.jpg\" alt=\"\" width=\"800\" height=\"600\" srcset=\"https:\/\/vocesparalelas.com.ar\/sitio\/wp-content\/uploads\/2019\/12\/RIVADAVIA-FAUNISTICO.jpg 800w, https:\/\/vocesparalelas.com.ar\/sitio\/wp-content\/uploads\/2019\/12\/RIVADAVIA-FAUNISTICO-300x225.jpg 300w, https:\/\/vocesparalelas.com.ar\/sitio\/wp-content\/uploads\/2019\/12\/RIVADAVIA-FAUNISTICO-768x576.jpg 768w\" sizes=\"auto, (max-width: 800px) 100vw, 800px\" \/><\/p>\n","protected":false},"excerpt":{"rendered":"<p>El Centro para la Conservaci\u00f3n de la Fauna Silvestre de la Municipalidad de la y la Universidad Nacional de San<\/p>\n","protected":false},"author":3,"featured_media":81597,"comment_status":"closed","ping_status":"closed","sticky":false,"template":"","format":"standard","meta":{"_acf_changed":false,"_seopress_robots_primary_cat":"none","_seopress_titles_title":"","_seopress_titles_desc":"","_seopress_robots_index":"","colormag_page_container_layout":"default_layout","colormag_page_sidebar_layout":"default_layout","footnotes":""},"categories":[15],"tags":[],"class_list":["post-81594","post","type-post","status-publish","format-standard","has-post-thumbnail","hentry","category-posgrados"],"acf":[],"_links":{"self":[{"href":"https:\/\/vocesparalelas.com.ar\/sitio\/wp-json\/wp\/v2\/posts\/81594","targetHints":{"allow":["GET"]}}],"collection":[{"href":"https:\/\/vocesparalelas.com.ar\/sitio\/wp-json\/wp\/v2\/posts"}],"about":[{"href":"https:\/\/vocesparalelas.com.ar\/sitio\/wp-json\/wp\/v2\/types\/post"}],"author":[{"embeddable":true,"href":"https:\/\/vocesparalelas.com.ar\/sitio\/wp-json\/wp\/v2\/users\/3"}],"replies":[{"embeddable":true,"href":"https:\/\/vocesparalelas.com.ar\/sitio\/wp-json\/wp\/v2\/comments?post=81594"}],"version-history":[{"count":1,"href":"https:\/\/vocesparalelas.com.ar\/sitio\/wp-json\/wp\/v2\/posts\/81594\/revisions"}],"predecessor-version":[{"id":81599,"href":"https:\/\/vocesparalelas.com.ar\/sitio\/wp-json\/wp\/v2\/posts\/81594\/revisions\/81599"}],"wp:featuredmedia":[{"embeddable":true,"href":"https:\/\/vocesparalelas.com.ar\/sitio\/wp-json\/wp\/v2\/media\/81597"}],"wp:attachment":[{"href":"https:\/\/vocesparalelas.com.ar\/sitio\/wp-json\/wp\/v2\/media?parent=81594"}],"wp:term":[{"taxonomy":"category","embeddable":true,"href":"https:\/\/vocesparalelas.com.ar\/sitio\/wp-json\/wp\/v2\/categories?post=81594"},{"taxonomy":"post_tag","embeddable":true,"href":"https:\/\/vocesparalelas.com.ar\/sitio\/wp-json\/wp\/v2\/tags?post=81594"}],"curies":[{"name":"wp","href":"https:\/\/api.w.org\/{rel}","templated":true}]}}