{"id":81590,"date":"2025-01-15T13:31:24","date_gmt":"2025-01-15T16:31:24","guid":{"rendered":"https:\/\/vocesparalelas.com.ar\/sitio\/?p=81590"},"modified":"2025-01-16T21:49:28","modified_gmt":"2025-01-17T00:49:28","slug":"etapas-y-recorrido-del-1-tour-del-sol-2025-vicente-alejo-chancay-en-san-juan","status":"publish","type":"post","link":"https:\/\/vocesparalelas.com.ar\/sitio\/etapas-y-recorrido-del-1-tour-del-sol-2025-vicente-alejo-chancay-en-san-juan\/","title":{"rendered":"Etapas y recorrido del\u00a01\u00b0 Tour del Sol 2025 \u00abVicente Alejo Chancay\u201d en San Juan"},"content":{"rendered":"<p>La organizaci\u00f3n del\u00a01\u00b0 Tour del Sol 2025 \u00abVicente Alejo Chancay\u201d, a cargo de la Agrupaci\u00f3n \u2018A todo Pedal\u2019 y la Fundaci\u00f3n Planeta Ram\u00edrez, inform\u00f3 los\u00a0recorridos y horarios de las cuatro etapas que tienen la carrera amateur de ciclismo en ruta.<\/p>\n<p>La competencia, que cuenta con el\u00a0apoyo del Gobierno de San Juan, se disputa en San Juan, desde el Jueves, 16 al Domingo, 19 de Enero de 2025. La cita cuenta con m\u00e1s de 400 ciclistas, de categor\u00edas\u00a0Libres y M\u00e1ster, provenientes\u00a0de las provincias de Mendoza, San Luis, La Rioja, Tucum\u00e1n, Buenos Aires y San Juan, de la Rep\u00fablica Argentina. Adem\u00e1s, ciclistas de la Rep\u00fablica de Chile.<\/p>\n<p><span style=\"color: #ff6600;\"><strong>Etapa 1, Jueves 16 de Enero\u00a0<\/strong><\/span><\/p>\n<ul>\n<li>Departamento Santa Luc\u00eda<\/li>\n<li>Concentraci\u00f3n: 14 horas en calles Tom\u00e1s Edison y Col\u00f3n.<\/li>\n<li>Largada: 15 horas.<\/li>\n<li>Recorrido: calle Col\u00f3n, Avenida Benav\u00eddez, calle Marcelo T. de Alvear, calle Balcarce, calle Roque S\u00e1enz Pe\u00f1a, calle Dr. Ricardo Guti\u00e9rrez, Avenida Libertador General San Mart\u00edn, calle Col\u00f3n hasta intersecci\u00f3n con Tom\u00e1s Edison. Final de carrera: mismo punto de concentraci\u00f3n.<\/li>\n<li>Cantidad de giros: Libres (5), M\u00e1ster B (4), M\u00e1ster C (3) y M\u00e1ster D (2).<\/li>\n<\/ul>\n<p><strong><span style=\"color: #ff6600;\">Etapa 2, Viernes 17 de Enero\u00a0<\/span><\/strong><\/p>\n<ul>\n<li>Departamento Rivadavia \u2013 Ruta del Sol<\/li>\n<li>Concentraci\u00f3n: 14 horas en Parque de Rivadavia.<\/li>\n<li>Largada: 15 horas.<\/li>\n<li>Recorrido: Parque de Rivadavia, Rastreador Calivar, Avenida Libertador General San Mart\u00edn, Gal\u00edndez, Ruta 60 hasta Dique de Ull\u00fam, y retorno hasta rotonda de Av. Libertador y Calivar, frente a Hospital Marcial Quiroga. Final de carrera: Complejo El Pinar.<\/li>\n<li>Cantidad de giros: Libres (5), M\u00e1ster B (5), M\u00e1ster C (4) y M\u00e1ster D (3).<\/li>\n<\/ul>\n<p><span style=\"color: #ff6600;\"><strong>Etapa 3, S\u00e1bado 18 de Enero\u00a0<\/strong><\/span><\/p>\n<ul>\n<li>Departamento Sarmiento (Etapa reina)<\/li>\n<li>Concentraci\u00f3n: 14 horas en calles Rivadavia y 9 de Julio, Municipalidad de Sarmiento, Media Agua.<\/li>\n<li>Largada: 15 horas.<\/li>\n<li>Recorrido: Municipalidad de Sarmiento, calle 9 de Julio, Uruguay, Rivadavia, Ruta 319, Bufano, Ruta 295, Ruta 162 (circuito). Libres (2 giros), M\u00e1ster B (2 giros), M\u00e1ster C (1 giro) y M\u00e1ster D (1 giro). Una vez que completen el circuito, la carrera continua por Ruta 153 hasta final en distrito Pedernal.<\/li>\n<\/ul>\n<p><span style=\"color: #ff6600;\"><strong> Etapa 4, Domingo 19 de Enero<\/strong><\/span><\/p>\n<ul>\n<li>Departamento Capital \u2013 Avenida Circunvalaci\u00f3n.<\/li>\n<li>Concentraci\u00f3n: 07 horas en Municipalidad de la Ciudad de San Juan.<\/li>\n<li>Largada: 08 horas.<\/li>\n<li>Recorrido: salida desde la Municipalidad hasta Avenida Rawson, luego hacia el sur hasta Av. Circunvalaci\u00f3n, giro a la derecha en direcci\u00f3n al oeste. Luego, giro completo al anillo interno de la Avenida Circunvalaci\u00f3n, igual que Vuelta a San Juan. Final de carrera: Av. Circunvalaci\u00f3n y calle Mendoza, Sur.<\/li>\n<li>Cantidad de giros: Libres (6), M\u00e1ster B (5), M\u00e1ster C (4) y M\u00e1ster D (3).<\/li>\n<\/ul>\n<p>La\u00a0presentaci\u00f3n de los equipos y ciclistas del Tour del Sol es el Mi\u00e9rcoles, 15 de Enero de 2025, a las 18 horas, en la Municipalidad de la Ciudad Capital.<\/p>\n<p>&nbsp;<\/p>\n<p>&nbsp;<\/p>\n","protected":false},"excerpt":{"rendered":"<p>La organizaci\u00f3n del\u00a01\u00b0 Tour del Sol 2025 \u00abVicente Alejo Chancay\u201d, a cargo de la Agrupaci\u00f3n \u2018A todo Pedal\u2019 y la<\/p>\n","protected":false},"author":3,"featured_media":9515,"comment_status":"closed","ping_status":"closed","sticky":false,"template":"","format":"standard","meta":{"_acf_changed":false,"_seopress_robots_primary_cat":"none","_seopress_titles_title":"","_seopress_titles_desc":"","_seopress_robots_index":"","colormag_page_container_layout":"default_layout","colormag_page_sidebar_layout":"default_layout","footnotes":""},"categories":[6],"tags":[],"class_list":["post-81590","post","type-post","status-publish","format-standard","has-post-thumbnail","hentry","category-eventos"],"acf":[],"_links":{"self":[{"href":"https:\/\/vocesparalelas.com.ar\/sitio\/wp-json\/wp\/v2\/posts\/81590","targetHints":{"allow":["GET"]}}],"collection":[{"href":"https:\/\/vocesparalelas.com.ar\/sitio\/wp-json\/wp\/v2\/posts"}],"about":[{"href":"https:\/\/vocesparalelas.com.ar\/sitio\/wp-json\/wp\/v2\/types\/post"}],"author":[{"embeddable":true,"href":"https:\/\/vocesparalelas.com.ar\/sitio\/wp-json\/wp\/v2\/users\/3"}],"replies":[{"embeddable":true,"href":"https:\/\/vocesparalelas.com.ar\/sitio\/wp-json\/wp\/v2\/comments?post=81590"}],"version-history":[{"count":1,"href":"https:\/\/vocesparalelas.com.ar\/sitio\/wp-json\/wp\/v2\/posts\/81590\/revisions"}],"predecessor-version":[{"id":81593,"href":"https:\/\/vocesparalelas.com.ar\/sitio\/wp-json\/wp\/v2\/posts\/81590\/revisions\/81593"}],"wp:featuredmedia":[{"embeddable":true,"href":"https:\/\/vocesparalelas.com.ar\/sitio\/wp-json\/wp\/v2\/media\/9515"}],"wp:attachment":[{"href":"https:\/\/vocesparalelas.com.ar\/sitio\/wp-json\/wp\/v2\/media?parent=81590"}],"wp:term":[{"taxonomy":"category","embeddable":true,"href":"https:\/\/vocesparalelas.com.ar\/sitio\/wp-json\/wp\/v2\/categories?post=81590"},{"taxonomy":"post_tag","embeddable":true,"href":"https:\/\/vocesparalelas.com.ar\/sitio\/wp-json\/wp\/v2\/tags?post=81590"}],"curies":[{"name":"wp","href":"https:\/\/api.w.org\/{rel}","templated":true}]}}