{"id":81586,"date":"2025-01-15T12:58:39","date_gmt":"2025-01-15T15:58:39","guid":{"rendered":"https:\/\/vocesparalelas.com.ar\/sitio\/?p=81586"},"modified":"2025-01-16T21:50:02","modified_gmt":"2025-01-17T00:50:02","slug":"disfruta-la-exposicion-temporaria-sarmiento-presidente-en-su-casa-natal-en-san-juan","status":"publish","type":"post","link":"https:\/\/vocesparalelas.com.ar\/sitio\/disfruta-la-exposicion-temporaria-sarmiento-presidente-en-su-casa-natal-en-san-juan\/","title":{"rendered":"Disfruta la Exposici\u00f3n Temporaria \u00abSarmiento Presidente\u00bb en su Casa Natal en San Juan"},"content":{"rendered":"<p>En la Casa Natal de Sarmiento se encuentra disponible para su visita la Exposici\u00f3n Temporaria \u00abSarmiento Presidente\u00bb.<\/p>\n<p>Es una exposici\u00f3n temporaria que recorre los desaf\u00edos y logros obtenidos por Domingo Faustino Sarmiento durante su mandato presidencial entre el 1868 y 1874.<\/p>\n<p>En su recorrido puede conocer c\u00f3mo recibi\u00f3 la Rep\u00fablica Argentina cuando asume como Presidente, los obst\u00e1culos que super\u00f3 y los avances que marcaron el rumbo de una nueva Argentina.<\/p>\n<p>La muestra est\u00e1 disponible para su visita hasta el 31 de Enero de 2025, de Martes a Viernes, de 8 a 15 hs. S\u00e1bados, domingos y feriados, de 9 a 15 hs. La entrada es libre y gratuita.<\/p>\n<p><img loading=\"lazy\" decoding=\"async\" class=\"alignnone size-full wp-image-41747\" src=\"https:\/\/vocesparalelas.com.ar\/sitio\/wp-content\/uploads\/2021\/09\/CASA-SARMIENTO-FRENTE-02.jpg\" alt=\"\" width=\"800\" height=\"533\" srcset=\"https:\/\/vocesparalelas.com.ar\/sitio\/wp-content\/uploads\/2021\/09\/CASA-SARMIENTO-FRENTE-02.jpg 800w, https:\/\/vocesparalelas.com.ar\/sitio\/wp-content\/uploads\/2021\/09\/CASA-SARMIENTO-FRENTE-02-300x200.jpg 300w, https:\/\/vocesparalelas.com.ar\/sitio\/wp-content\/uploads\/2021\/09\/CASA-SARMIENTO-FRENTE-02-768x512.jpg 768w\" sizes=\"auto, (max-width: 800px) 100vw, 800px\" \/><\/p>\n<p>&nbsp;<\/p>\n<p>&nbsp;<\/p>\n","protected":false},"excerpt":{"rendered":"<p>En la Casa Natal de Sarmiento se encuentra disponible para su visita la Exposici\u00f3n Temporaria \u00abSarmiento Presidente\u00bb. Es una exposici\u00f3n<\/p>\n","protected":false},"author":3,"featured_media":30227,"comment_status":"closed","ping_status":"closed","sticky":false,"template":"","format":"standard","meta":{"_acf_changed":false,"_seopress_robots_primary_cat":"none","_seopress_titles_title":"","_seopress_titles_desc":"","_seopress_robots_index":"","colormag_page_container_layout":"default_layout","colormag_page_sidebar_layout":"default_layout","footnotes":""},"categories":[20],"tags":[],"class_list":["post-81586","post","type-post","status-publish","format-standard","has-post-thumbnail","hentry","category-cartelera"],"acf":[],"_links":{"self":[{"href":"https:\/\/vocesparalelas.com.ar\/sitio\/wp-json\/wp\/v2\/posts\/81586","targetHints":{"allow":["GET"]}}],"collection":[{"href":"https:\/\/vocesparalelas.com.ar\/sitio\/wp-json\/wp\/v2\/posts"}],"about":[{"href":"https:\/\/vocesparalelas.com.ar\/sitio\/wp-json\/wp\/v2\/types\/post"}],"author":[{"embeddable":true,"href":"https:\/\/vocesparalelas.com.ar\/sitio\/wp-json\/wp\/v2\/users\/3"}],"replies":[{"embeddable":true,"href":"https:\/\/vocesparalelas.com.ar\/sitio\/wp-json\/wp\/v2\/comments?post=81586"}],"version-history":[{"count":1,"href":"https:\/\/vocesparalelas.com.ar\/sitio\/wp-json\/wp\/v2\/posts\/81586\/revisions"}],"predecessor-version":[{"id":81589,"href":"https:\/\/vocesparalelas.com.ar\/sitio\/wp-json\/wp\/v2\/posts\/81586\/revisions\/81589"}],"wp:featuredmedia":[{"embeddable":true,"href":"https:\/\/vocesparalelas.com.ar\/sitio\/wp-json\/wp\/v2\/media\/30227"}],"wp:attachment":[{"href":"https:\/\/vocesparalelas.com.ar\/sitio\/wp-json\/wp\/v2\/media?parent=81586"}],"wp:term":[{"taxonomy":"category","embeddable":true,"href":"https:\/\/vocesparalelas.com.ar\/sitio\/wp-json\/wp\/v2\/categories?post=81586"},{"taxonomy":"post_tag","embeddable":true,"href":"https:\/\/vocesparalelas.com.ar\/sitio\/wp-json\/wp\/v2\/tags?post=81586"}],"curies":[{"name":"wp","href":"https:\/\/api.w.org\/{rel}","templated":true}]}}