{"id":81572,"date":"2025-01-15T11:07:08","date_gmt":"2025-01-15T14:07:08","guid":{"rendered":"https:\/\/vocesparalelas.com.ar\/sitio\/?p=81572"},"modified":"2025-01-16T19:29:56","modified_gmt":"2025-01-16T22:29:56","slug":"1-100-millones-en-creditos-del-cfi-para-la-reactivacion-del-sector-productivo-de-san-juan","status":"publish","type":"post","link":"https:\/\/vocesparalelas.com.ar\/sitio\/1-100-millones-en-creditos-del-cfi-para-la-reactivacion-del-sector-productivo-de-san-juan\/","title":{"rendered":"$1.100 millones en cr\u00e9ditos del CFI para la reactivaci\u00f3n del sector productivo de San Juan"},"content":{"rendered":"<p>El Ministerio de Econom\u00eda, Finanzas y Hacienda del Gobierno de San Juan, a trav\u00e9s de la Unidad de Enlace del Consejo Federal de Inversiones -CFI- San Juan,\u00a0otorg\u00f3 al 31 de Diciembre de 2024, $1.100 millones en cr\u00e9ditos para la reactivaci\u00f3n del sector productivo. Esto se logr\u00f3 en un lapso de seis meses, desde el 30 de mayo cuando entr\u00f3 en vigencia el convenio entre CFI y el Gobierno de la Provincia para la habilitaci\u00f3n de l\u00edneas de cr\u00e9ditos.<\/p>\n<p>Cabe resaltar que, a partir del convenio existen dos grandes l\u00edneas de cr\u00e9ditos con montos de hasta $150 millones, con plazo de devoluci\u00f3n de 48 meses y tasas de inter\u00e9s accesibles, ya que corresponden al 50% de la tasa activa de Banco Naci\u00f3n, m\u00e1s dos puntos porcentuales por encima.<\/p>\n<p>En este marco, la denominada\u00a0\u201cL\u00ednea verde\u201d\u00a0financia todas aquellas inversiones destinadas a la eficiencia h\u00eddrica, eficiencia energ\u00e9tica y econom\u00eda circular en la actividad productiva.<\/p>\n<p>Por otro lado, la\u00a0\u201cL\u00ednea cadenas de valor\u201d,\u00a0financia todas aquellas actividades productivas que se encuadran dentro de las cadenas de valor estrat\u00e9gicamente seleccionadas por la provincia, como lo son la miner\u00eda, la vitivinicultura, la olivicultura, el turismo, la agroindustria y la econom\u00eda del conocimiento.<\/p>\n<p>Adem\u00e1s, existe la\u00a0\u201cL\u00ednea de cr\u00e9ditos tradicional \u2013 Reactivaci\u00f3n productiva\u201d, que re\u00fane aquellas actividades productivas que no est\u00e1n encuadradas en las anteriores. Posee un monto financiable de hasta $50 millones y un plazo de devoluci\u00f3n de 48 meses.<\/p>\n<p>En este escenario, del total de cr\u00e9ditos otorgados en los \u00faltimos seis meses,\u00a0el 61 % corresponde a la L\u00ednea cadenas de valor. Dentro de ellas, el 48 % fueron cr\u00e9ditos otorgados al Agro; el 25,86 % fueron para proyectos de Turismo; y el 25 %, para Miner\u00eda.<\/p>\n<p>En segundo lugar, se ubicaron los proyectos de la\u00a0L\u00ednea verde, que representaron el 32,83% de los cr\u00e9ditos aprobados. En este sentido, los proyectos aceptados constituyeron un mix entre actividades que involucran la eficiencia energ\u00e9tica y la eficiencia h\u00eddrica aplicadas al Agro.<\/p>\n<p>Finalmente, en lo que respecta a cr\u00e9ditos otorgados de\u00a0Reactivaci\u00f3n productiva, los mismos representaron el 5,97%. Entre ellos se destacan los proyectos de\u00a0producci\u00f3n ap\u00edcola, que representaron el $16,20% de los fondos aprobados en estas l\u00edneas. Adem\u00e1s, los mismos constituyeron el 40% de los proyectos aprobados.<\/p>\n<p>Desde la Unidad de Enlace de CFI San Juan, informan a los interesados en interiorizarse sobre las diferentes l\u00edneas de cr\u00e9ditos disponibles, tengan a bien presentarse en el 5to Piso \u2013 N\u00facleo 3 del Centro C\u00edvico, de lunes a viernes de 7:30 a 13:30 horas. Tambi\u00e9n pueden comunicarse al 264 4306494.<\/p>\n<p><img loading=\"lazy\" decoding=\"async\" class=\"alignnone size-large wp-image-20931\" src=\"https:\/\/vocesparalelas.com.ar\/sitio\/wp-content\/uploads\/2019\/05\/SOLFRUT-22-800x534.jpg\" alt=\"\" width=\"800\" height=\"534\" srcset=\"https:\/\/vocesparalelas.com.ar\/sitio\/wp-content\/uploads\/2019\/05\/SOLFRUT-22-800x534.jpg 800w, https:\/\/vocesparalelas.com.ar\/sitio\/wp-content\/uploads\/2019\/05\/SOLFRUT-22-300x200.jpg 300w, https:\/\/vocesparalelas.com.ar\/sitio\/wp-content\/uploads\/2019\/05\/SOLFRUT-22-768x512.jpg 768w, https:\/\/vocesparalelas.com.ar\/sitio\/wp-content\/uploads\/2019\/05\/SOLFRUT-22.jpg 1000w\" sizes=\"auto, (max-width: 800px) 100vw, 800px\" \/><\/p>\n","protected":false},"excerpt":{"rendered":"<p>El Ministerio de Econom\u00eda, Finanzas y Hacienda del Gobierno de San Juan, a trav\u00e9s de la Unidad de Enlace del<\/p>\n","protected":false},"author":3,"featured_media":65642,"comment_status":"closed","ping_status":"closed","sticky":false,"template":"","format":"standard","meta":{"_acf_changed":false,"_seopress_robots_primary_cat":"none","_seopress_titles_title":"","_seopress_titles_desc":"","_seopress_robots_index":"","colormag_page_container_layout":"default_layout","colormag_page_sidebar_layout":"default_layout","footnotes":""},"categories":[2],"tags":[],"class_list":["post-81572","post","type-post","status-publish","format-standard","has-post-thumbnail","hentry","category-convocatorias"],"acf":[],"_links":{"self":[{"href":"https:\/\/vocesparalelas.com.ar\/sitio\/wp-json\/wp\/v2\/posts\/81572","targetHints":{"allow":["GET"]}}],"collection":[{"href":"https:\/\/vocesparalelas.com.ar\/sitio\/wp-json\/wp\/v2\/posts"}],"about":[{"href":"https:\/\/vocesparalelas.com.ar\/sitio\/wp-json\/wp\/v2\/types\/post"}],"author":[{"embeddable":true,"href":"https:\/\/vocesparalelas.com.ar\/sitio\/wp-json\/wp\/v2\/users\/3"}],"replies":[{"embeddable":true,"href":"https:\/\/vocesparalelas.com.ar\/sitio\/wp-json\/wp\/v2\/comments?post=81572"}],"version-history":[{"count":1,"href":"https:\/\/vocesparalelas.com.ar\/sitio\/wp-json\/wp\/v2\/posts\/81572\/revisions"}],"predecessor-version":[{"id":81575,"href":"https:\/\/vocesparalelas.com.ar\/sitio\/wp-json\/wp\/v2\/posts\/81572\/revisions\/81575"}],"wp:featuredmedia":[{"embeddable":true,"href":"https:\/\/vocesparalelas.com.ar\/sitio\/wp-json\/wp\/v2\/media\/65642"}],"wp:attachment":[{"href":"https:\/\/vocesparalelas.com.ar\/sitio\/wp-json\/wp\/v2\/media?parent=81572"}],"wp:term":[{"taxonomy":"category","embeddable":true,"href":"https:\/\/vocesparalelas.com.ar\/sitio\/wp-json\/wp\/v2\/categories?post=81572"},{"taxonomy":"post_tag","embeddable":true,"href":"https:\/\/vocesparalelas.com.ar\/sitio\/wp-json\/wp\/v2\/tags?post=81572"}],"curies":[{"name":"wp","href":"https:\/\/api.w.org\/{rel}","templated":true}]}}