{"id":81522,"date":"2025-01-14T13:05:15","date_gmt":"2025-01-14T16:05:15","guid":{"rendered":"https:\/\/vocesparalelas.com.ar\/sitio\/?p=81522"},"modified":"2025-01-15T12:47:03","modified_gmt":"2025-01-15T15:47:03","slug":"la-reserva-de-river-plate-entrena-a-puerta-abierta-en-el-estadio-san-juan-bicentenario","status":"publish","type":"post","link":"https:\/\/vocesparalelas.com.ar\/sitio\/la-reserva-de-river-plate-entrena-a-puerta-abierta-en-el-estadio-san-juan-bicentenario\/","title":{"rendered":"La Reserva de River Plate entrena a puerta abierta en el Estadio San Juan Bicentenario"},"content":{"rendered":"<p>El Mi\u00e9rcoles, 15 de Enero\u00a0de 2025,\u00a0el entrenamiento de la Reserva de River Plate en San Juan se desarrolla a puertas abiertas para medios de comunicaci\u00f3n y p\u00fablico en general, en el Estadio San Juan Bicentenario, a las\u00a018 horas.<\/p>\n<p>La actividad en el campo de juego es previa al partido amistoso que la Reserva tiene programado para el Jueves, 16 de Enero, desde las\u00a021 horas,\u00a0River enfrenta a Sportivo Desamparados, en el Estado San Juan Bicentenario, Departamento Pocito.<\/p>\n<p>El encuentro es con p\u00fablico. Las entradas tienen un valor de $ 5.000 pesos\u00a0por persona. La\u00a0venta de los tickets comienza el Mi\u00e9rcoles, 15 de Enero, a las 18 hs, en boleter\u00edas del Club Sanjuanino, Esteban Echeverr\u00eda. En este lugar, el Jueves, 16 de Enero, no hay venta. El expendio contin\u00faa el mismo d\u00eda del partido en los accesos al estadio, a las 18 hs.<\/p>\n<p>El plantel de Reserva de River, vigente campe\u00f3n argentino de la categor\u00eda, est\u00e1 hospedado en la provincia porque est\u00e1 realizando parte de su pretemporada. La delegaci\u00f3n emprende el viaje de regreso el Viernes, 17 de Enero de 2025.<\/p>\n<p><img loading=\"lazy\" decoding=\"async\" class=\"alignnone size-full wp-image-43769\" src=\"https:\/\/vocesparalelas.com.ar\/sitio\/wp-content\/uploads\/2021\/11\/ESTADIO-BICENTENARIO.jpg\" alt=\"\" width=\"782\" height=\"440\" srcset=\"https:\/\/vocesparalelas.com.ar\/sitio\/wp-content\/uploads\/2021\/11\/ESTADIO-BICENTENARIO.jpg 782w, https:\/\/vocesparalelas.com.ar\/sitio\/wp-content\/uploads\/2021\/11\/ESTADIO-BICENTENARIO-300x169.jpg 300w, https:\/\/vocesparalelas.com.ar\/sitio\/wp-content\/uploads\/2021\/11\/ESTADIO-BICENTENARIO-768x432.jpg 768w\" sizes=\"auto, (max-width: 782px) 100vw, 782px\" \/><\/p>\n<p>&nbsp;<\/p>\n","protected":false},"excerpt":{"rendered":"<p>El Mi\u00e9rcoles, 15 de Enero\u00a0de 2025,\u00a0el entrenamiento de la Reserva de River Plate en San Juan se desarrolla a puertas<\/p>\n","protected":false},"author":3,"featured_media":16044,"comment_status":"closed","ping_status":"closed","sticky":false,"template":"","format":"standard","meta":{"_acf_changed":false,"_seopress_robots_primary_cat":"none","_seopress_titles_title":"","_seopress_titles_desc":"","_seopress_robots_index":"","colormag_page_container_layout":"default_layout","colormag_page_sidebar_layout":"default_layout","footnotes":""},"categories":[6],"tags":[],"class_list":["post-81522","post","type-post","status-publish","format-standard","has-post-thumbnail","hentry","category-eventos"],"acf":[],"_links":{"self":[{"href":"https:\/\/vocesparalelas.com.ar\/sitio\/wp-json\/wp\/v2\/posts\/81522","targetHints":{"allow":["GET"]}}],"collection":[{"href":"https:\/\/vocesparalelas.com.ar\/sitio\/wp-json\/wp\/v2\/posts"}],"about":[{"href":"https:\/\/vocesparalelas.com.ar\/sitio\/wp-json\/wp\/v2\/types\/post"}],"author":[{"embeddable":true,"href":"https:\/\/vocesparalelas.com.ar\/sitio\/wp-json\/wp\/v2\/users\/3"}],"replies":[{"embeddable":true,"href":"https:\/\/vocesparalelas.com.ar\/sitio\/wp-json\/wp\/v2\/comments?post=81522"}],"version-history":[{"count":1,"href":"https:\/\/vocesparalelas.com.ar\/sitio\/wp-json\/wp\/v2\/posts\/81522\/revisions"}],"predecessor-version":[{"id":81525,"href":"https:\/\/vocesparalelas.com.ar\/sitio\/wp-json\/wp\/v2\/posts\/81522\/revisions\/81525"}],"wp:featuredmedia":[{"embeddable":true,"href":"https:\/\/vocesparalelas.com.ar\/sitio\/wp-json\/wp\/v2\/media\/16044"}],"wp:attachment":[{"href":"https:\/\/vocesparalelas.com.ar\/sitio\/wp-json\/wp\/v2\/media?parent=81522"}],"wp:term":[{"taxonomy":"category","embeddable":true,"href":"https:\/\/vocesparalelas.com.ar\/sitio\/wp-json\/wp\/v2\/categories?post=81522"},{"taxonomy":"post_tag","embeddable":true,"href":"https:\/\/vocesparalelas.com.ar\/sitio\/wp-json\/wp\/v2\/tags?post=81522"}],"curies":[{"name":"wp","href":"https:\/\/api.w.org\/{rel}","templated":true}]}}