{"id":81502,"date":"2025-01-13T22:22:11","date_gmt":"2025-01-14T01:22:11","guid":{"rendered":"https:\/\/vocesparalelas.com.ar\/sitio\/?p=81502"},"modified":"2025-01-14T23:31:58","modified_gmt":"2025-01-15T02:31:58","slug":"plan-integral-de-mantenimiento-de-la-avenida-circunvalacion-de-san-juan","status":"publish","type":"post","link":"https:\/\/vocesparalelas.com.ar\/sitio\/plan-integral-de-mantenimiento-de-la-avenida-circunvalacion-de-san-juan\/","title":{"rendered":"Plan integral de mantenimiento de la Avenida Circunvalaci\u00f3n de San Juan"},"content":{"rendered":"<p>La Direcci\u00f3n Provincial de Vialidad &#8211; DPV- , dependiente del Ministerio de Infraestructura, Agua y Energ\u00eda del Gobierno de San Juan, ejecuta un plan integral de mantenimiento de la Avenida Circunvalaci\u00f3n, Ruta Nacional A-014.<\/p>\n<p>El programa incluye la reparaci\u00f3n de calzada y el recambio de barandas, enmarcados en un convenio firmado con la Direcci\u00f3n Nacional de Vialidad (DNV). El objetivo es garantizar la seguridad vial en una de las arterias m\u00e1s transitadas por los automovilistas.<\/p>\n<p><span style=\"color: #ff6600;\"><b>Cronograma de trabajos y horarios<\/b><\/span><\/p>\n<p>Los trabajos, iniciados a finales de 2024, se han sostenido durante las primeras semanas de\u00a0<b>enero de 2025<\/b>. Est\u00e1 previsto continuar con tres intervenciones semanales, seg\u00fan el cronograma dise\u00f1ado por la DPV:<\/p>\n<ul>\n<li><span style=\"color: #ff6600;\"><b>Martes, 14 de Enero, de 9:00 a 14:00 hs<\/b>:<\/span> Reparaci\u00f3n de calzada sobre colectoras, con cortes en los accesos y egresos a intervenir, sin afectar el tr\u00e1nsito principal de la avenida.<\/li>\n<li><span style=\"color: #ff6600;\"><b>Mi\u00e9rcoles, 15 de Enero, Intervenciones nocturnas, de 23:00 a 5:00 hs<\/b>:<\/span> Trabajos en los carriles de los anillos internos y externos de la avenida para minimizar el impacto en el tr\u00e1nsito vehicular.<\/li>\n<li><span style=\"color: #ff6600;\"><strong>Viernes, 17 de Enero, de 9:00 a 14:00 hs:<\/strong> <\/span>Recambio de barandas met\u00e1licas de defensa (Flex-Beam) en colectoras, trochas principales y banquinas.<\/li>\n<\/ul>\n<p>Estas intervenciones\u00a0est\u00e1n sujetas a las condiciones clim\u00e1ticas y a variables t\u00e9cnico-operativas propias de su ejecuci\u00f3n.<\/p>\n<p><span style=\"color: #ff6600;\"><b>Equipos y seguridad<\/b><\/span><\/p>\n<p>Para la realizaci\u00f3n de las tareas, se dispone de personal especializado, equipamiento manual, maquinaria y apoyo log\u00edstico. Cada corte cuenta con el acompa\u00f1amiento de personal policial, carteler\u00eda y elementos de seguridad vial para garantizar una correcta se\u00f1alizaci\u00f3n y guiar el tr\u00e1nsito vehicular.<\/p>\n<h3><span style=\"color: #ff6600;\"><b>Convenio de colaboraci\u00f3n entre DPV y DNV<\/b><\/span><\/h3>\n<p>El convenio firmado entre la DPV y la DNV tiene como objetivo el mantenimiento de los\u00a016 kil\u00f3metros\u00a0de la Avenida Circunvalaci\u00f3n y sus accesos a las Rutas Nacionales 40 y 20. Las actividades incluyen:<\/p>\n<ul>\n<li>Reparaci\u00f3n de calzadas.<\/li>\n<li>Sustituci\u00f3n de barandas met\u00e1licas (Flex-Beam).<\/li>\n<li>Limpieza y mantenimiento general de banquinas y estructuras.<\/li>\n<\/ul>\n<p>Con una vigencia de\u00a036 meses, este acuerdo permite a la provincia asumir la responsabilidad de conservar esta importante v\u00eda, garantizando un tr\u00e1nsito m\u00e1s seguro y eficiente.\u00a0Incluye medidas estrictas de seguridad, como se\u00f1alizaci\u00f3n reflectiva y acompa\u00f1amiento policial, para proteger a trabajadores y usuarios.<\/p>\n<h3><span style=\"color: #ff6600;\"><b>Recomendaciones para los conductores<\/b><\/span><\/h3>\n<p>La Direcci\u00f3n Provincial de Vialidad insta a los conductores a circular con precauci\u00f3n y planificar rutas alternativas durante los horarios de intervenci\u00f3n.\u00a0Estas acciones refuerzan el compromiso del Gobierno Provincial con la mejora continua de la infraestructura vial en beneficio de automovilistas.<\/p>\n<p><img loading=\"lazy\" decoding=\"async\" class=\"alignnone size-large wp-image-9554\" src=\"https:\/\/vocesparalelas.com.ar\/sitio\/wp-content\/uploads\/2018\/01\/CIRCUNVALACION-800x450.jpg\" alt=\"\" width=\"800\" height=\"450\" srcset=\"https:\/\/vocesparalelas.com.ar\/sitio\/wp-content\/uploads\/2018\/01\/CIRCUNVALACION-800x450.jpg 800w, https:\/\/vocesparalelas.com.ar\/sitio\/wp-content\/uploads\/2018\/01\/CIRCUNVALACION-300x169.jpg 300w, https:\/\/vocesparalelas.com.ar\/sitio\/wp-content\/uploads\/2018\/01\/CIRCUNVALACION-768x432.jpg 768w, https:\/\/vocesparalelas.com.ar\/sitio\/wp-content\/uploads\/2018\/01\/CIRCUNVALACION.jpg 1024w\" sizes=\"auto, (max-width: 800px) 100vw, 800px\" \/><\/p>\n","protected":false},"excerpt":{"rendered":"<p>La Direcci\u00f3n Provincial de Vialidad &#8211; DPV- , dependiente del Ministerio de Infraestructura, Agua y Energ\u00eda del Gobierno de San<\/p>\n","protected":false},"author":3,"featured_media":81505,"comment_status":"closed","ping_status":"closed","sticky":false,"template":"","format":"standard","meta":{"_acf_changed":false,"_seopress_robots_primary_cat":"none","_seopress_titles_title":"","_seopress_titles_desc":"","_seopress_robots_index":"","colormag_page_container_layout":"default_layout","colormag_page_sidebar_layout":"default_layout","footnotes":""},"categories":[6],"tags":[],"class_list":["post-81502","post","type-post","status-publish","format-standard","has-post-thumbnail","hentry","category-eventos"],"acf":[],"_links":{"self":[{"href":"https:\/\/vocesparalelas.com.ar\/sitio\/wp-json\/wp\/v2\/posts\/81502","targetHints":{"allow":["GET"]}}],"collection":[{"href":"https:\/\/vocesparalelas.com.ar\/sitio\/wp-json\/wp\/v2\/posts"}],"about":[{"href":"https:\/\/vocesparalelas.com.ar\/sitio\/wp-json\/wp\/v2\/types\/post"}],"author":[{"embeddable":true,"href":"https:\/\/vocesparalelas.com.ar\/sitio\/wp-json\/wp\/v2\/users\/3"}],"replies":[{"embeddable":true,"href":"https:\/\/vocesparalelas.com.ar\/sitio\/wp-json\/wp\/v2\/comments?post=81502"}],"version-history":[{"count":2,"href":"https:\/\/vocesparalelas.com.ar\/sitio\/wp-json\/wp\/v2\/posts\/81502\/revisions"}],"predecessor-version":[{"id":81507,"href":"https:\/\/vocesparalelas.com.ar\/sitio\/wp-json\/wp\/v2\/posts\/81502\/revisions\/81507"}],"wp:featuredmedia":[{"embeddable":true,"href":"https:\/\/vocesparalelas.com.ar\/sitio\/wp-json\/wp\/v2\/media\/81505"}],"wp:attachment":[{"href":"https:\/\/vocesparalelas.com.ar\/sitio\/wp-json\/wp\/v2\/media?parent=81502"}],"wp:term":[{"taxonomy":"category","embeddable":true,"href":"https:\/\/vocesparalelas.com.ar\/sitio\/wp-json\/wp\/v2\/categories?post=81502"},{"taxonomy":"post_tag","embeddable":true,"href":"https:\/\/vocesparalelas.com.ar\/sitio\/wp-json\/wp\/v2\/tags?post=81502"}],"curies":[{"name":"wp","href":"https:\/\/api.w.org\/{rel}","templated":true}]}}