{"id":81490,"date":"2025-01-13T19:34:43","date_gmt":"2025-01-13T22:34:43","guid":{"rendered":"https:\/\/vocesparalelas.com.ar\/sitio\/?p=81490"},"modified":"2025-01-14T20:29:27","modified_gmt":"2025-01-14T23:29:27","slug":"81-aniversario-del-terremoto-de-1944-en-san-juan","status":"publish","type":"post","link":"https:\/\/vocesparalelas.com.ar\/sitio\/81-aniversario-del-terremoto-de-1944-en-san-juan\/","title":{"rendered":"81\u00b0 Aniversario del Terremoto de 1944 en San Juan"},"content":{"rendered":"<p>En el marco del 81\u00b0 Aniversario del Terremoto de 1944 en San Juan, que se produjo el 15 de Enero. Por ello, el Ministerio de Gobierno, a trav\u00e9s de la Direcci\u00f3n del Archivo General de la Provincia, desarrolla una intervenci\u00f3n conmemorativa.<\/p>\n<p>La misma, gira en torno a la muestra permanente titulada \u201cSan Juan resiliente: recuerdos s\u00edsmicos\u201d, una exposici\u00f3n que recopila valiosos archivos hist\u00f3ricos sobre los terremotos de 1944, 1977 y 2021. Este espacio no solo invita a reflexionar sobre los eventos naturales que han moldeado la identidad de la provincia, sino tambi\u00e9n celebra la resiliencia de su pueblo frente a la adversidad.<\/p>\n<p>La actividad, de car\u00e1cter gratuito, el Mi\u00e9rcoles, 15 de Enero, de 9:00 a 14:00 horas, en el Hall Central del Centro C\u00edvico, en la planta baja. Durante la jornada, los asistentes pueden recorrer la muestra, descubrir detalles hist\u00f3ricos y conocer m\u00e1s sobre el impacto de estos eventos s\u00edsmicos en el desarrollo de la provincia.<\/p>\n<p><strong><span style=\"color: #ff6600;\">C\u00f3mo participar y obtener m\u00e1s informaci\u00f3n<\/span><\/strong><\/p>\n<p>Para quienes deseen obtener m\u00e1s informaci\u00f3n sobre esta conmemoraci\u00f3n, pueden contactarse a trav\u00e9s del correo electr\u00f3nico\u00a0<span id=\"cloak9b0676ce9c7a854567a163ba2c0270ae\"><a href=\"mailto:archivogeneral@sanjuan.gov.ar\">archivogeneral@sanjuan.gov.ar<\/a><\/span>\u00a0o llamar al tel\u00e9fono 4307264.<\/p>\n<p><span style=\"color: #ff6600;\"><strong>Una imagen que habla del pasado<\/strong><\/span><\/p>\n<p>La actividad estar\u00e1 acompa\u00f1ada por una selecci\u00f3n visual de archivos hist\u00f3ricos, utilizando la misma imagen emblem\u00e1tica que protagoniz\u00f3 el cartel de la muestra permanente. Este elemento gr\u00e1fico invita a sumergirse en la memoria colectiva de San Juan, evocando momentos clave de su historia s\u00edsmica.<\/p>\n<p><img loading=\"lazy\" decoding=\"async\" class=\"alignnone size-large wp-image-26260\" src=\"https:\/\/vocesparalelas.com.ar\/sitio\/wp-content\/uploads\/2020\/01\/TERREMOTO-RESTO-800x446.jpg\" alt=\"\" width=\"800\" height=\"446\" srcset=\"https:\/\/vocesparalelas.com.ar\/sitio\/wp-content\/uploads\/2020\/01\/TERREMOTO-RESTO.jpg 800w, https:\/\/vocesparalelas.com.ar\/sitio\/wp-content\/uploads\/2020\/01\/TERREMOTO-RESTO-300x167.jpg 300w, https:\/\/vocesparalelas.com.ar\/sitio\/wp-content\/uploads\/2020\/01\/TERREMOTO-RESTO-768x428.jpg 768w\" sizes=\"auto, (max-width: 800px) 100vw, 800px\" \/><\/p>\n","protected":false},"excerpt":{"rendered":"<p>En el marco del 81\u00b0 Aniversario del Terremoto de 1944 en San Juan, que se produjo el 15 de Enero.<\/p>\n","protected":false},"author":3,"featured_media":18062,"comment_status":"closed","ping_status":"closed","sticky":false,"template":"","format":"standard","meta":{"_acf_changed":false,"_seopress_robots_primary_cat":"none","_seopress_titles_title":"","_seopress_titles_desc":"","_seopress_robots_index":"","colormag_page_container_layout":"default_layout","colormag_page_sidebar_layout":"default_layout","footnotes":""},"categories":[20],"tags":[],"class_list":["post-81490","post","type-post","status-publish","format-standard","has-post-thumbnail","hentry","category-cartelera"],"acf":[],"_links":{"self":[{"href":"https:\/\/vocesparalelas.com.ar\/sitio\/wp-json\/wp\/v2\/posts\/81490","targetHints":{"allow":["GET"]}}],"collection":[{"href":"https:\/\/vocesparalelas.com.ar\/sitio\/wp-json\/wp\/v2\/posts"}],"about":[{"href":"https:\/\/vocesparalelas.com.ar\/sitio\/wp-json\/wp\/v2\/types\/post"}],"author":[{"embeddable":true,"href":"https:\/\/vocesparalelas.com.ar\/sitio\/wp-json\/wp\/v2\/users\/3"}],"replies":[{"embeddable":true,"href":"https:\/\/vocesparalelas.com.ar\/sitio\/wp-json\/wp\/v2\/comments?post=81490"}],"version-history":[{"count":2,"href":"https:\/\/vocesparalelas.com.ar\/sitio\/wp-json\/wp\/v2\/posts\/81490\/revisions"}],"predecessor-version":[{"id":81494,"href":"https:\/\/vocesparalelas.com.ar\/sitio\/wp-json\/wp\/v2\/posts\/81490\/revisions\/81494"}],"wp:featuredmedia":[{"embeddable":true,"href":"https:\/\/vocesparalelas.com.ar\/sitio\/wp-json\/wp\/v2\/media\/18062"}],"wp:attachment":[{"href":"https:\/\/vocesparalelas.com.ar\/sitio\/wp-json\/wp\/v2\/media?parent=81490"}],"wp:term":[{"taxonomy":"category","embeddable":true,"href":"https:\/\/vocesparalelas.com.ar\/sitio\/wp-json\/wp\/v2\/categories?post=81490"},{"taxonomy":"post_tag","embeddable":true,"href":"https:\/\/vocesparalelas.com.ar\/sitio\/wp-json\/wp\/v2\/tags?post=81490"}],"curies":[{"name":"wp","href":"https:\/\/api.w.org\/{rel}","templated":true}]}}