{"id":81483,"date":"2025-01-13T19:22:19","date_gmt":"2025-01-13T22:22:19","guid":{"rendered":"https:\/\/vocesparalelas.com.ar\/sitio\/?p=81483"},"modified":"2025-01-14T18:59:00","modified_gmt":"2025-01-14T21:59:00","slug":"triatletas-de-san-juan-inician-los-entrenamientos-para-la-temporada-2025","status":"publish","type":"post","link":"https:\/\/vocesparalelas.com.ar\/sitio\/triatletas-de-san-juan-inician-los-entrenamientos-para-la-temporada-2025\/","title":{"rendered":"Triatletas de San Juan inician los entrenamientos para la Temporada 2025"},"content":{"rendered":"<p>Los primeros meses de 2025, marcan la temporada alta del triatl\u00f3n en Argentina. De Enero a Marzo se disputan las 11 fechas que tiene el Campeonato Argentino, de las cuales, el Triatl\u00f3n Cordillerano en San Juan, es una de ellas el 23 de Febrero.<\/p>\n<p>San Juan cuenta con una importante cantidad de triatletas, de los cuales, algunos de ellos contaron sus planes para las competencias que se avecinan.<\/p>\n<p><img loading=\"lazy\" decoding=\"async\" class=\"alignnone size-large wp-image-79979 aligncenter\" src=\"https:\/\/vocesparalelas.com.ar\/sitio\/wp-content\/uploads\/2024\/12\/IRONMAN-GISELA-SULIGOY-02-512x800.jpg\" alt=\"\" width=\"512\" height=\"800\" srcset=\"https:\/\/vocesparalelas.com.ar\/sitio\/wp-content\/uploads\/2024\/12\/IRONMAN-GISELA-SULIGOY-02-512x800.jpg 512w, https:\/\/vocesparalelas.com.ar\/sitio\/wp-content\/uploads\/2024\/12\/IRONMAN-GISELA-SULIGOY-02-192x300.jpg 192w, https:\/\/vocesparalelas.com.ar\/sitio\/wp-content\/uploads\/2024\/12\/IRONMAN-GISELA-SULIGOY-02.jpg 655w\" sizes=\"auto, (max-width: 512px) 100vw, 512px\" \/><\/p>\n<p><span style=\"color: #ff6600;\"><strong>Flor D\u00edaz Philippi<\/strong>:<\/span> sanjuanina, radicada en Espa\u00f1a. Su gran objetivo es volver al mundial Ironman en Kona, Hawai, del mes de octubre e intentar mejorar sus resultados anteriores en la isla y es por lo que viene trabajando muy duro desde el a\u00f1o pasado.<\/p>\n<p>Para que ello ocurra, debe clasificar antes y eso lo buscar\u00e9 en Ironman Vitoria (Pa\u00eds Vasco), en el mes de Julio. Previamente tiene varias carreras preparatorias: 26 de enero, Medio Marat\u00f3n 21K Getafe, Madrid.<\/p>\n<p>16 de febrero &#8211; Carrera Monumental 10K, Segovia, Espa\u00f1a.<\/p>\n<p>22 de marzo &#8211; Duatl\u00f3n Media Distancia de Zuia, Pa\u00eds Vasco, Espa\u00f1a.<\/p>\n<p>27 de abril &#8211; Ironman 70.3 en Valencia. All\u00ed intentar\u00e1 clasificar tambi\u00e9n para el mundial de Media Distancia en Noviembre, en Marbella.<\/p>\n<p>10 de mayo &#8211; Cicloturista Madrid 7 Picos &#8211; 145km con 2900 metros de desnivel positivo.<\/p>\n<p>7 de junio &#8211; Triatl\u00f3n Media Distancia Vi Half Gasteiz, Pa\u00eds Vasco.<\/p>\n<p>13 de julio &#8211; Ironman Vitoria &#8211; Prueba A, donde espera lograr slot para Kona. De lograr ese objetivo, har\u00e1 un bloque espec\u00edfico para esa competencia en el mes de octubre, con adaptaci\u00f3n al calor y la dureza de la isla.<\/p>\n<p><span style=\"color: #ff6600;\"><strong>Thomas Casta\u00f1ares Maldonado<\/strong>:<\/span> Repetir\u00e1 por tercer a\u00f1o su estad\u00eda en M\u00e9xico, con competencias en diferentes ciudades, lo que incluir\u00e1 varios viajes para cumplir con sus compromisos. \u00c9ste es el calendario:<\/p>\n<p>16 de marzo &#8211; Punta del Este Uruguay (los 12 primeros hombres de Sudam\u00e9rica clasifican a los Juegos Panamericanos).<\/p>\n<p>06 de abril &#8211; Campeonato sudamericano Piedra Roja, Chile<\/p>\n<p>12-13 de abril &#8211; Copa mundial en Vi\u00f1a del Mar, Chile<\/p>\n<p>19-20 de abril &#8211; Copa mundial en Brasilia, Brasil<\/p>\n<p>17 de mayo &#8211; Copa continental Ixtapa, M\u00e9xico<\/p>\n<p>01 de Junio &#8211; Clasificatorio a mundial Sub23 Calima, Colombia<\/p>\n<p>21-22 de junio &#8211; Copa mundo en Huatulco, M\u00e9xico<\/p>\n<p>15 de Agosto &#8211; Juegos Panamericanos Junior en Asunci\u00f3n, Paraguay<\/p>\n<p>6 de septiembre &#8211; Copa continental sprint en Santa Marta, Colombia<\/p>\n<p>18 de Octubre &#8211; Campeonato mundial Sub23 en Wollongong, Australia<\/p>\n<p>30 de noviembre &#8211; Copa continental en Manta, Ecuador<\/p>\n<p>Adem\u00e1s correr\u00e1 el Estatal en M\u00e9xico, en febrero.<\/p>\n<p>Regional en marzo en M\u00e9xico y Nacional en mayo-junio, en M\u00e9xico.<\/p>\n<p><span style=\"color: #ff6600;\"><strong>Cecilia Zagarra<\/strong>:<\/span> Est\u00e1 entrenando con el objetivo de correr el Ironman de San Juan en abril, un desaf\u00edo que la emociona y sabe que requiere mucha preparaci\u00f3n f\u00edsica y mental. Antes de llegar a esa meta, tiene en mente participar en alguna carrera que est\u00e9 a su alcance desde el punto de vista econ\u00f3mico, pues considera que esas competencias la ayudar\u00e1n a ajustar detalles t\u00e9cnicos y a acostumbrarse al ritmo de carrera.<\/p>\n<p>Actualmente est\u00e1 enfocada en organizar sus entrenamientos, equilibrarlos con el trabajo, la familia y seguir avanzando paso a paso. Sabe que no es f\u00e1cil, pero tiene en claro que con dedicaci\u00f3n y constancia se pueden lograr grandes cosas.<\/p>\n<p><span style=\"color: #ff6600;\"><strong>Daiana Fr\u00edas<\/strong>:<\/span> Tiene pensado correr el Triatl\u00f3n Vendimia, el 15 de febrero en Mendoza, Tambi\u00e9n participar\u00e1 del Triatl\u00f3n Cordillerano, por la segunda fecha del campeonato sanjuanino, a disputarse el 23 de febrero. Su gran objetivo: lograr la clasificaci\u00f3n a los Juegos Panamericanos.<\/p>\n<p><span style=\"color: #ff6600;\"><strong>Gisela Suligoy<\/strong>:<\/span> Correr\u00e1 el Triatl\u00f3n Cordillerano el 23 de febrero y el Ironman 70.3 de San Juan el 6 de abril. Adem\u00e1s, tiene intenci\u00f3n de correr la Nikizanga MTB, esperando que sea en la fecha que se hizo hist\u00f3ricamente. En el mes de julio correr\u00e1 la Media Marat\u00f3n de San Juan.<\/p>\n<p>Si logra clasificar al mundial, como ocurri\u00f3 el a\u00f1o pasado, deber\u00e1 adaptar sus tiempos y obligaciones a esa fecha, de lo contrario, la idea es competir en Valdivia, Chile, en otro medio Ironman, en noviembre. Tambi\u00e9n figura entre sus planes correr otro Xterra en Brasil en noviembre.<\/p>\n<p><span style=\"color: #ff6600;\"><strong>Claudia Riveros<\/strong>:<\/span> Viene trabajando con su equipo San Juan Aventura para el sudamericano de carrera aventura que es en Uruguay en febrero. Esos entrenamientos los va tratando de ensamblar con los de triatl\u00f3n con la intenci\u00f3n de estar en la l\u00ednea de largada del Ironman 70.3 de San Juan.<\/p>\n<p><span style=\"color: #ff6600;\"><strong>Lucila Robledo<\/strong>:<\/span> El 15 de febrero estar\u00e1 en el Triatl\u00f3n Vendimia de Mendoza y ocho d\u00edas despu\u00e9s, correr\u00e1 el Cordillerano en nuestra provincia, para as\u00ed poder competir por el Campeonato Argentino. Su principal objetivo es buscar la clasificaci\u00f3n para los Juegos Panamericanos.<\/p>\n<p><span style=\"color: #ff6600;\"><strong>Ayrton Robledo<\/strong>:<\/span> Por ahora, su decisi\u00f3n es correr en ciclismo federado, lo que est\u00e1 haciendo desde principio de temporada, una experiencia nueva para \u00e9l, que est\u00e1 disfrutando. Luego del Circuito Santa Luc\u00eda, diputar\u00e1 la Doble Difunta Correa, Vuelta a San Juan y Giro del Sol.<\/p>\n<p>Posterior a esa actividad, tiene intenci\u00f3n de retomar las competencias de triatl\u00f3n con el Triatl\u00f3n Vendimia, en Mendoza y el Cordillerano en nuestra provincia y comenzar a pensar en el Ironman de abril en San Juan.<\/p>\n<p><img loading=\"lazy\" decoding=\"async\" class=\"alignnone size-large wp-image-79978\" src=\"https:\/\/vocesparalelas.com.ar\/sitio\/wp-content\/uploads\/2024\/12\/IRONMAN-GISELA-SULIGOY-01-800x800.jpg\" alt=\"\" width=\"800\" height=\"800\" srcset=\"https:\/\/vocesparalelas.com.ar\/sitio\/wp-content\/uploads\/2024\/12\/IRONMAN-GISELA-SULIGOY-01-800x800.jpg 800w, https:\/\/vocesparalelas.com.ar\/sitio\/wp-content\/uploads\/2024\/12\/IRONMAN-GISELA-SULIGOY-01-300x300.jpg 300w, https:\/\/vocesparalelas.com.ar\/sitio\/wp-content\/uploads\/2024\/12\/IRONMAN-GISELA-SULIGOY-01-150x150.jpg 150w, https:\/\/vocesparalelas.com.ar\/sitio\/wp-content\/uploads\/2024\/12\/IRONMAN-GISELA-SULIGOY-01-768x768.jpg 768w, https:\/\/vocesparalelas.com.ar\/sitio\/wp-content\/uploads\/2024\/12\/IRONMAN-GISELA-SULIGOY-01.jpg 1024w\" sizes=\"auto, (max-width: 800px) 100vw, 800px\" \/><\/p>\n","protected":false},"excerpt":{"rendered":"<p>Los primeros meses de 2025, marcan la temporada alta del triatl\u00f3n en Argentina. De Enero a Marzo se disputan las<\/p>\n","protected":false},"author":3,"featured_media":69045,"comment_status":"closed","ping_status":"closed","sticky":false,"template":"","format":"standard","meta":{"_acf_changed":false,"_seopress_robots_primary_cat":"none","_seopress_titles_title":"","_seopress_titles_desc":"","_seopress_robots_index":"","colormag_page_container_layout":"default_layout","colormag_page_sidebar_layout":"default_layout","footnotes":""},"categories":[2],"tags":[],"class_list":["post-81483","post","type-post","status-publish","format-standard","has-post-thumbnail","hentry","category-convocatorias"],"acf":[],"_links":{"self":[{"href":"https:\/\/vocesparalelas.com.ar\/sitio\/wp-json\/wp\/v2\/posts\/81483","targetHints":{"allow":["GET"]}}],"collection":[{"href":"https:\/\/vocesparalelas.com.ar\/sitio\/wp-json\/wp\/v2\/posts"}],"about":[{"href":"https:\/\/vocesparalelas.com.ar\/sitio\/wp-json\/wp\/v2\/types\/post"}],"author":[{"embeddable":true,"href":"https:\/\/vocesparalelas.com.ar\/sitio\/wp-json\/wp\/v2\/users\/3"}],"replies":[{"embeddable":true,"href":"https:\/\/vocesparalelas.com.ar\/sitio\/wp-json\/wp\/v2\/comments?post=81483"}],"version-history":[{"count":1,"href":"https:\/\/vocesparalelas.com.ar\/sitio\/wp-json\/wp\/v2\/posts\/81483\/revisions"}],"predecessor-version":[{"id":81489,"href":"https:\/\/vocesparalelas.com.ar\/sitio\/wp-json\/wp\/v2\/posts\/81483\/revisions\/81489"}],"wp:featuredmedia":[{"embeddable":true,"href":"https:\/\/vocesparalelas.com.ar\/sitio\/wp-json\/wp\/v2\/media\/69045"}],"wp:attachment":[{"href":"https:\/\/vocesparalelas.com.ar\/sitio\/wp-json\/wp\/v2\/media?parent=81483"}],"wp:term":[{"taxonomy":"category","embeddable":true,"href":"https:\/\/vocesparalelas.com.ar\/sitio\/wp-json\/wp\/v2\/categories?post=81483"},{"taxonomy":"post_tag","embeddable":true,"href":"https:\/\/vocesparalelas.com.ar\/sitio\/wp-json\/wp\/v2\/tags?post=81483"}],"curies":[{"name":"wp","href":"https:\/\/api.w.org\/{rel}","templated":true}]}}