{"id":81477,"date":"2025-01-13T13:29:00","date_gmt":"2025-01-13T16:29:00","guid":{"rendered":"https:\/\/vocesparalelas.com.ar\/sitio\/?p=81477"},"modified":"2025-01-14T13:07:01","modified_gmt":"2025-01-14T16:07:01","slug":"actividades-culturales-verano-2025-en-san-juan","status":"publish","type":"post","link":"https:\/\/vocesparalelas.com.ar\/sitio\/actividades-culturales-verano-2025-en-san-juan\/","title":{"rendered":"Actividades Culturales \u00abVerano 2025\u00bb en San Juan"},"content":{"rendered":"<p>El Ministerio de Turismo, Cultura y Deporte del Gobierno de San Juan prepar\u00f3 una propuesta cultural para el Verano 2025, destinada a residentes y turistas para ser parte de las actividades\u00a0en sus principales espacios art\u00edsticos y culturales.\u00a0Cada lugar abre sus puertas con visitas guiadas, exposiciones y actividades interactivas que ponen en valor el patrimonio sanjuanino y ofrecen experiencias para todas las edades.<\/p>\n<p>El\u00a0Chalet Cantoni Casa Cultural, ubicado en avenida Libertador 3339 Oeste, Rivadavia, ofrece\u00a0visitas guiadas que recorren la historia de los hermanos Cantoni\u00a0y su aporte a la pol\u00edtica local de los a\u00f1os 30. Estas visitas incluyen contenido audiovisual que realizan los viernes a las 18 y 20 horas con entrada libre y gratuita. Tambi\u00e9n se podr\u00e1 disfrutar de la muestra \u00abL\u00famen\u00bb, de Pablo Henr\u00edquez, de lunes a viernes de 9 a 13 y de 17 a 20 horas.<\/p>\n<figure id=\"attachment_77863\" aria-describedby=\"caption-attachment-77863\" style=\"width: 800px\" class=\"wp-caption alignnone\"><img loading=\"lazy\" decoding=\"async\" class=\"size-full wp-image-77863\" src=\"https:\/\/vocesparalelas.com.ar\/sitio\/wp-content\/uploads\/2024\/10\/CHALET-CANTONI-NUEVO.jpg\" alt=\"\" width=\"800\" height=\"533\" srcset=\"https:\/\/vocesparalelas.com.ar\/sitio\/wp-content\/uploads\/2024\/10\/CHALET-CANTONI-NUEVO.jpg 800w, https:\/\/vocesparalelas.com.ar\/sitio\/wp-content\/uploads\/2024\/10\/CHALET-CANTONI-NUEVO-300x200.jpg 300w, https:\/\/vocesparalelas.com.ar\/sitio\/wp-content\/uploads\/2024\/10\/CHALET-CANTONI-NUEVO-768x512.jpg 768w\" sizes=\"auto, (max-width: 800px) 100vw, 800px\" \/><figcaption id=\"caption-attachment-77863\" class=\"wp-caption-text\">Chalet Cantoni, Departamento Rivadavia, Provincia San Juan, Rep\u00fablica Argentita<\/figcaption><\/figure>\n<p>En el\u00a0Auditorio Juan Victoria, ubicado en 25 de Mayo 1215 Oeste, se realizan visitas guiadas todos los d\u00edas\u00a0de 11 a 19 horas, permitiendo a los visitantes explorar las caracter\u00edsticas de este complejo cultural. Las mismas estar\u00e1n disponibles hasta el 20 de enero con entrada libre y gratuita.<\/p>\n<figure id=\"attachment_61468\" aria-describedby=\"caption-attachment-61468\" style=\"width: 800px\" class=\"wp-caption alignnone\"><img loading=\"lazy\" decoding=\"async\" class=\"size-full wp-image-61468\" src=\"https:\/\/vocesparalelas.com.ar\/sitio\/wp-content\/uploads\/2023\/07\/AUDITORIO-EDIFICIO.jpg\" alt=\"\" width=\"800\" height=\"533\" srcset=\"https:\/\/vocesparalelas.com.ar\/sitio\/wp-content\/uploads\/2023\/07\/AUDITORIO-EDIFICIO.jpg 800w, https:\/\/vocesparalelas.com.ar\/sitio\/wp-content\/uploads\/2023\/07\/AUDITORIO-EDIFICIO-300x200.jpg 300w, https:\/\/vocesparalelas.com.ar\/sitio\/wp-content\/uploads\/2023\/07\/AUDITORIO-EDIFICIO-768x512.jpg 768w\" sizes=\"auto, (max-width: 800px) 100vw, 800px\" \/><figcaption id=\"caption-attachment-61468\" class=\"wp-caption-text\">Auditorio Ing. Juan Victoria, Departamento Capital, Provincia San Juan, Rep\u00fablica Argentita<\/figcaption><\/figure>\n<p>Por su parte, el\u00a0Teatro del Bicentenario, en Las Heras 430 Sur,\u00a0realiza recorridos por sus salas y espacios, integrando estaciones informativas y actividades sensoriales. Las visitas se realizan de martes a s\u00e1bado en dos horarios: 11:30 y 17:30 horas, con reservas previas al siguiente\u00a0link<\/p>\n<p><a href=\"https:\/\/linktr.ee\/tbicentenariosj?fbclid=PAZXh0bgNhZW0CMTEAAaYoZOZGXG1kBPGfDslj72flBv8LyIgLWN-40d7pK70odmE8IxY2TpYtN5Q_aem_LcEYEBtehNtfKrpXs22EZQ\">https:\/\/linktr.ee\/tbicentenariosj?fbclid=PAZXh0bgNhZW0CMTEAAaYoZOZGXG1kBPGfDslj72flBv8LyIgLWN-40d7pK70odmE8IxY2TpYtN5Q_aem_LcEYEBtehNtfKrpXs22EZQ<\/a><\/p>\n<figure id=\"attachment_24321\" aria-describedby=\"caption-attachment-24321\" style=\"width: 800px\" class=\"wp-caption alignnone\"><img loading=\"lazy\" decoding=\"async\" class=\"wp-image-24321 size-large\" src=\"https:\/\/vocesparalelas.com.ar\/sitio\/wp-content\/uploads\/2019\/10\/TEATRO-DEL-BICENTENARIO-100-800x503.jpg\" alt=\"\" width=\"800\" height=\"503\" srcset=\"https:\/\/vocesparalelas.com.ar\/sitio\/wp-content\/uploads\/2019\/10\/TEATRO-DEL-BICENTENARIO-100.jpg 800w, https:\/\/vocesparalelas.com.ar\/sitio\/wp-content\/uploads\/2019\/10\/TEATRO-DEL-BICENTENARIO-100-300x189.jpg 300w, https:\/\/vocesparalelas.com.ar\/sitio\/wp-content\/uploads\/2019\/10\/TEATRO-DEL-BICENTENARIO-100-768x483.jpg 768w\" sizes=\"auto, (max-width: 800px) 100vw, 800px\" \/><figcaption id=\"caption-attachment-24321\" class=\"wp-caption-text\">Teatro del Bicentenario, Departamento Capital, Provincia San Juan, Rep\u00fablica Argentita<\/figcaption><\/figure>\n<p>La\u00a0Direcci\u00f3n de Patrimonio Cultural, ubicada en el Ferro Urban\u00edstico,\u00a0expone las Banderas Ciudadana Provincial y de Talavera, piezas clave de la historia de San Juan y Argentina. Las visitas est\u00e1n disponibles en Enero, Lunes, Mi\u00e9rcoles y Viernes. de 9 a 13 hs y en febrero, de Lunes a Viernes, de 9 a 17 hs. La solicitud de turnos se realiza en la Direcci\u00f3n de Patrimonio Cultural, Avenida Espa\u00f1a entre San Luis y 25 de Mayo, Ferro Urban\u00edstico ala Sur. Para comunicarse telef\u00f3nicamente, los interesados deben llamar al 264 4211833 o 264 4211790 &#8211; interno 124 o consultar a trav\u00e9s del correo electr\u00f3nico <span id=\"cloakbe751db3fe246d1ea768a09e4bde8d21\"><a href=\"mailto:patrimoniocultural@sanjuan.gov.ar\">patrimoniocultural@sanjuan.gov.ar<\/a><\/span><\/p>\n<p><img loading=\"lazy\" decoding=\"async\" class=\"alignnone size-large wp-image-17812\" src=\"https:\/\/vocesparalelas.com.ar\/sitio\/wp-content\/uploads\/2018\/12\/BANDERA-CIUDADANA-0100-800x531.jpg\" alt=\"\" width=\"800\" height=\"531\" srcset=\"https:\/\/vocesparalelas.com.ar\/sitio\/wp-content\/uploads\/2018\/12\/BANDERA-CIUDADANA-0100-800x531.jpg 800w, https:\/\/vocesparalelas.com.ar\/sitio\/wp-content\/uploads\/2018\/12\/BANDERA-CIUDADANA-0100-300x199.jpg 300w, https:\/\/vocesparalelas.com.ar\/sitio\/wp-content\/uploads\/2018\/12\/BANDERA-CIUDADANA-0100-768x510.jpg 768w, https:\/\/vocesparalelas.com.ar\/sitio\/wp-content\/uploads\/2018\/12\/BANDERA-CIUDADANA-0100.jpg 1000w\" sizes=\"auto, (max-width: 800px) 100vw, 800px\" \/><\/p>\n<p>El\u00a0Museo Provincial de Bellas Artes Franklin Rawson, en avenida Libertador 862 Oeste,\u00a0exhibe la Bienal Nacional de Dibujo y el Premio Franklin Rawson a las Artes Visuales, destacando a artistas nacionales y locales. Las muestras podr\u00e1n visitarse de martes a domingo y feriados, de 12 a 20 horas. Lunes cerrado excepto feriados. Entrada general $500, jubilados y estudiantes $300, menores de 6 gratis. Domingo gratis.<\/p>\n<figure id=\"attachment_39924\" aria-describedby=\"caption-attachment-39924\" style=\"width: 800px\" class=\"wp-caption alignnone\"><img loading=\"lazy\" decoding=\"async\" class=\"size-full wp-image-39924\" src=\"https:\/\/vocesparalelas.com.ar\/sitio\/wp-content\/uploads\/2021\/07\/MPBAFR-OBRA-02.jpg\" alt=\"\" width=\"800\" height=\"533\" srcset=\"https:\/\/vocesparalelas.com.ar\/sitio\/wp-content\/uploads\/2021\/07\/MPBAFR-OBRA-02.jpg 800w, https:\/\/vocesparalelas.com.ar\/sitio\/wp-content\/uploads\/2021\/07\/MPBAFR-OBRA-02-300x200.jpg 300w, https:\/\/vocesparalelas.com.ar\/sitio\/wp-content\/uploads\/2021\/07\/MPBAFR-OBRA-02-768x512.jpg 768w\" sizes=\"auto, (max-width: 800px) 100vw, 800px\" \/><figcaption id=\"caption-attachment-39924\" class=\"wp-caption-text\">Museo Provincial de Bellas Artes Franklin Rawson, Provincia de San Juan, Rep\u00fablica Argentina<\/figcaption><\/figure>\n<p>Otros espacios destacados como el\u00a0Mercado Artesanal Tradicional Luisa Escudero, atiende de lunes a viernes, de 9 a 14 hs y s\u00e1bado de 9 a 13. Quienes lleguen hasta all\u00ed, podr\u00e1n conocer el talento local a trav\u00e9s de un\u00a0recorrido gratuito\u00a0por el espacio. Reservas al 264 5814501<\/p>\n<p><img loading=\"lazy\" decoding=\"async\" class=\"alignnone size-large wp-image-10610\" src=\"https:\/\/vocesparalelas.com.ar\/sitio\/wp-content\/uploads\/2018\/03\/CULTURA-ARTESANOS-800x534.jpg\" alt=\"\" width=\"800\" height=\"534\" srcset=\"https:\/\/vocesparalelas.com.ar\/sitio\/wp-content\/uploads\/2018\/03\/CULTURA-ARTESANOS-800x534.jpg 800w, https:\/\/vocesparalelas.com.ar\/sitio\/wp-content\/uploads\/2018\/03\/CULTURA-ARTESANOS-300x200.jpg 300w, https:\/\/vocesparalelas.com.ar\/sitio\/wp-content\/uploads\/2018\/03\/CULTURA-ARTESANOS-768x512.jpg 768w, https:\/\/vocesparalelas.com.ar\/sitio\/wp-content\/uploads\/2018\/03\/CULTURA-ARTESANOS.jpg 1000w\" sizes=\"auto, (max-width: 800px) 100vw, 800px\" \/><\/p>\n<p>Para m\u00e1s informaci\u00f3n sobre los espacios y otras actividades culturales, se puede consultar\u00a0<a href=\"http:\/\/sanjuan.tur.ar\/\">sanjuan.tur.ar<\/a><\/p>\n<p>&nbsp;<\/p>\n<p><img loading=\"lazy\" decoding=\"async\" class=\"alignnone size-large wp-image-25833\" src=\"https:\/\/vocesparalelas.com.ar\/sitio\/wp-content\/uploads\/2019\/12\/SAN-JUAN-CIUDAD-800x600.jpg\" alt=\"\" width=\"800\" height=\"600\" srcset=\"https:\/\/vocesparalelas.com.ar\/sitio\/wp-content\/uploads\/2019\/12\/SAN-JUAN-CIUDAD.jpg 800w, https:\/\/vocesparalelas.com.ar\/sitio\/wp-content\/uploads\/2019\/12\/SAN-JUAN-CIUDAD-300x225.jpg 300w, https:\/\/vocesparalelas.com.ar\/sitio\/wp-content\/uploads\/2019\/12\/SAN-JUAN-CIUDAD-768x576.jpg 768w\" sizes=\"auto, (max-width: 800px) 100vw, 800px\" \/><\/p>\n","protected":false},"excerpt":{"rendered":"<p>El Ministerio de Turismo, Cultura y Deporte del Gobierno de San Juan prepar\u00f3 una propuesta cultural para el Verano 2025,<\/p>\n","protected":false},"author":3,"featured_media":1815,"comment_status":"closed","ping_status":"closed","sticky":false,"template":"","format":"standard","meta":{"_acf_changed":false,"_seopress_robots_primary_cat":"none","_seopress_titles_title":"","_seopress_titles_desc":"","_seopress_robots_index":"","colormag_page_container_layout":"default_layout","colormag_page_sidebar_layout":"default_layout","footnotes":""},"categories":[20],"tags":[],"class_list":["post-81477","post","type-post","status-publish","format-standard","has-post-thumbnail","hentry","category-cartelera"],"acf":[],"_links":{"self":[{"href":"https:\/\/vocesparalelas.com.ar\/sitio\/wp-json\/wp\/v2\/posts\/81477","targetHints":{"allow":["GET"]}}],"collection":[{"href":"https:\/\/vocesparalelas.com.ar\/sitio\/wp-json\/wp\/v2\/posts"}],"about":[{"href":"https:\/\/vocesparalelas.com.ar\/sitio\/wp-json\/wp\/v2\/types\/post"}],"author":[{"embeddable":true,"href":"https:\/\/vocesparalelas.com.ar\/sitio\/wp-json\/wp\/v2\/users\/3"}],"replies":[{"embeddable":true,"href":"https:\/\/vocesparalelas.com.ar\/sitio\/wp-json\/wp\/v2\/comments?post=81477"}],"version-history":[{"count":3,"href":"https:\/\/vocesparalelas.com.ar\/sitio\/wp-json\/wp\/v2\/posts\/81477\/revisions"}],"predecessor-version":[{"id":81482,"href":"https:\/\/vocesparalelas.com.ar\/sitio\/wp-json\/wp\/v2\/posts\/81477\/revisions\/81482"}],"wp:featuredmedia":[{"embeddable":true,"href":"https:\/\/vocesparalelas.com.ar\/sitio\/wp-json\/wp\/v2\/media\/1815"}],"wp:attachment":[{"href":"https:\/\/vocesparalelas.com.ar\/sitio\/wp-json\/wp\/v2\/media?parent=81477"}],"wp:term":[{"taxonomy":"category","embeddable":true,"href":"https:\/\/vocesparalelas.com.ar\/sitio\/wp-json\/wp\/v2\/categories?post=81477"},{"taxonomy":"post_tag","embeddable":true,"href":"https:\/\/vocesparalelas.com.ar\/sitio\/wp-json\/wp\/v2\/tags?post=81477"}],"curies":[{"name":"wp","href":"https:\/\/api.w.org\/{rel}","templated":true}]}}