{"id":81459,"date":"2025-01-12T21:47:58","date_gmt":"2025-01-13T00:47:58","guid":{"rendered":"https:\/\/vocesparalelas.com.ar\/sitio\/?p=81459"},"modified":"2025-01-13T22:28:55","modified_gmt":"2025-01-14T01:28:55","slug":"condiciones-actuales-en-los-espejos-de-agua-de-san-juan","status":"publish","type":"post","link":"https:\/\/vocesparalelas.com.ar\/sitio\/condiciones-actuales-en-los-espejos-de-agua-de-san-juan\/","title":{"rendered":"Condiciones actuales en los espejos de agua de San Juan"},"content":{"rendered":"<p>El Ministerio de Turismo, Cultura y Deportes informa el estado de las principales zonas de recreaci\u00f3n acu\u00e1tica en la provincia.<\/p>\n<p><span style=\"color: #ff6600;\"><strong>R\u00edo por Calle Las Moras<\/strong><\/span><\/p>\n<p>Debido a problemas con las crecientes, esta zona se encuentra sin caudal. Por lo tanto, *NO ESTA OPERATIVA* para actividades recreativas ni para embarcaciones.<\/p>\n<p><strong><span style=\"color: #ff6600;\">Dique Punta Negra<\/span><\/strong><\/p>\n<p>Aunque los niveles de agua son bajos y *no permiten botar embarcaciones*, esta \u00e1rea contin\u00faa siendo *apta para ba\u00f1arse* y disfrutar de actividades recreativas seguras.<\/p>\n<p><strong><span style=\"color: #ff6600;\">Dique Ullum<\/span><\/strong><\/p>\n<p>En esta zona, *las condiciones se mantienen normales*, permitiendo el uso tanto para ba\u00f1istas como para embarcaciones.<\/p>\n<p>El Ministerio solicita a la poblaci\u00f3n respetar las indicaciones oficiales y priorizar siempre la seguridad al momento de disfrutar de los recursos h\u00eddricos de la provincia.<\/p>\n<p>&nbsp;<\/p>\n","protected":false},"excerpt":{"rendered":"<p>El Ministerio de Turismo, Cultura y Deportes informa el estado de las principales zonas de recreaci\u00f3n acu\u00e1tica en la provincia.<\/p>\n","protected":false},"author":3,"featured_media":68725,"comment_status":"closed","ping_status":"closed","sticky":false,"template":"","format":"standard","meta":{"_acf_changed":false,"_seopress_robots_primary_cat":"none","_seopress_titles_title":"","_seopress_titles_desc":"","_seopress_robots_index":"","colormag_page_container_layout":"default_layout","colormag_page_sidebar_layout":"default_layout","footnotes":""},"categories":[6],"tags":[],"class_list":["post-81459","post","type-post","status-publish","format-standard","has-post-thumbnail","hentry","category-eventos"],"acf":[],"_links":{"self":[{"href":"https:\/\/vocesparalelas.com.ar\/sitio\/wp-json\/wp\/v2\/posts\/81459","targetHints":{"allow":["GET"]}}],"collection":[{"href":"https:\/\/vocesparalelas.com.ar\/sitio\/wp-json\/wp\/v2\/posts"}],"about":[{"href":"https:\/\/vocesparalelas.com.ar\/sitio\/wp-json\/wp\/v2\/types\/post"}],"author":[{"embeddable":true,"href":"https:\/\/vocesparalelas.com.ar\/sitio\/wp-json\/wp\/v2\/users\/3"}],"replies":[{"embeddable":true,"href":"https:\/\/vocesparalelas.com.ar\/sitio\/wp-json\/wp\/v2\/comments?post=81459"}],"version-history":[{"count":1,"href":"https:\/\/vocesparalelas.com.ar\/sitio\/wp-json\/wp\/v2\/posts\/81459\/revisions"}],"predecessor-version":[{"id":81462,"href":"https:\/\/vocesparalelas.com.ar\/sitio\/wp-json\/wp\/v2\/posts\/81459\/revisions\/81462"}],"wp:featuredmedia":[{"embeddable":true,"href":"https:\/\/vocesparalelas.com.ar\/sitio\/wp-json\/wp\/v2\/media\/68725"}],"wp:attachment":[{"href":"https:\/\/vocesparalelas.com.ar\/sitio\/wp-json\/wp\/v2\/media?parent=81459"}],"wp:term":[{"taxonomy":"category","embeddable":true,"href":"https:\/\/vocesparalelas.com.ar\/sitio\/wp-json\/wp\/v2\/categories?post=81459"},{"taxonomy":"post_tag","embeddable":true,"href":"https:\/\/vocesparalelas.com.ar\/sitio\/wp-json\/wp\/v2\/tags?post=81459"}],"curies":[{"name":"wp","href":"https:\/\/api.w.org\/{rel}","templated":true}]}}