{"id":81453,"date":"2025-01-12T21:24:17","date_gmt":"2025-01-13T00:24:17","guid":{"rendered":"https:\/\/vocesparalelas.com.ar\/sitio\/?p=81453"},"modified":"2025-01-13T22:11:46","modified_gmt":"2025-01-14T01:11:46","slug":"representantes-de-san-juan-en-el-precosquin-2025","status":"publish","type":"post","link":"https:\/\/vocesparalelas.com.ar\/sitio\/representantes-de-san-juan-en-el-precosquin-2025\/","title":{"rendered":"Representantes de San Juan en el PreCosqu\u00edn 2025"},"content":{"rendered":"<p>En una jornada llena de emoci\u00f3n, la provincia de San Juan logr\u00f3, este jueves por la noche, que dos rubros sean participantes de la final del Certamen para Nuevos Valores Pre Cosqu\u00edn 2025, realizada en el escenario Atahualpa Yupanqui. Se trata del conjunto de baile folcl\u00f3rico Riveros &#8211; Luna y la pareja de baile estilizado compuesta por Dana Dev\u00eda y Mat\u00edas Zalazar.<\/p>\n<p>San Juan tuvo dos noches de presentaci\u00f3n, 8 y 9 de Enero, con m\u00e1s de 80 artistas en escena que contaron con el apoyo del Gobierno de San Juan, a trav\u00e9s del Ministerio de Turismo, Cultura y Deporte.<\/p>\n<p>La competici\u00f3n tendr\u00e1 su gran final los d\u00edas 18 y 19 del presente mes, en el mismo escenario de la Plaza Pr\u00f3spero Molina de Cosqu\u00edn.<\/p>\n<p>Este certamen busca reconocer el talento de artistas de todo el pa\u00eds que presenten propuestas de ra\u00edz folkl\u00f3rica en m\u00fasica y danza, d\u00e1ndoles la posibilidad de llegar al Festival Nacional de Folklore de Cosqu\u00edn.<\/p>\n<p><img loading=\"lazy\" decoding=\"async\" class=\"alignnone size-full wp-image-81457\" src=\"https:\/\/vocesparalelas.com.ar\/sitio\/wp-content\/uploads\/2025\/01\/PRECOSQUIN-SAN-JUAN-GANA-01.jpg\" alt=\"\" width=\"800\" height=\"455\" srcset=\"https:\/\/vocesparalelas.com.ar\/sitio\/wp-content\/uploads\/2025\/01\/PRECOSQUIN-SAN-JUAN-GANA-01.jpg 800w, https:\/\/vocesparalelas.com.ar\/sitio\/wp-content\/uploads\/2025\/01\/PRECOSQUIN-SAN-JUAN-GANA-01-300x171.jpg 300w, https:\/\/vocesparalelas.com.ar\/sitio\/wp-content\/uploads\/2025\/01\/PRECOSQUIN-SAN-JUAN-GANA-01-768x437.jpg 768w\" sizes=\"auto, (max-width: 800px) 100vw, 800px\" \/><\/p>\n","protected":false},"excerpt":{"rendered":"<p>En una jornada llena de emoci\u00f3n, la provincia de San Juan logr\u00f3, este jueves por la noche, que dos rubros<\/p>\n","protected":false},"author":3,"featured_media":81456,"comment_status":"closed","ping_status":"closed","sticky":false,"template":"","format":"standard","meta":{"_acf_changed":false,"_seopress_robots_primary_cat":"none","_seopress_titles_title":"","_seopress_titles_desc":"","_seopress_robots_index":"","colormag_page_container_layout":"default_layout","colormag_page_sidebar_layout":"default_layout","footnotes":""},"categories":[8],"tags":[],"class_list":["post-81453","post","type-post","status-publish","format-standard","has-post-thumbnail","hentry","category-concursos"],"acf":[],"_links":{"self":[{"href":"https:\/\/vocesparalelas.com.ar\/sitio\/wp-json\/wp\/v2\/posts\/81453","targetHints":{"allow":["GET"]}}],"collection":[{"href":"https:\/\/vocesparalelas.com.ar\/sitio\/wp-json\/wp\/v2\/posts"}],"about":[{"href":"https:\/\/vocesparalelas.com.ar\/sitio\/wp-json\/wp\/v2\/types\/post"}],"author":[{"embeddable":true,"href":"https:\/\/vocesparalelas.com.ar\/sitio\/wp-json\/wp\/v2\/users\/3"}],"replies":[{"embeddable":true,"href":"https:\/\/vocesparalelas.com.ar\/sitio\/wp-json\/wp\/v2\/comments?post=81453"}],"version-history":[{"count":1,"href":"https:\/\/vocesparalelas.com.ar\/sitio\/wp-json\/wp\/v2\/posts\/81453\/revisions"}],"predecessor-version":[{"id":81458,"href":"https:\/\/vocesparalelas.com.ar\/sitio\/wp-json\/wp\/v2\/posts\/81453\/revisions\/81458"}],"wp:featuredmedia":[{"embeddable":true,"href":"https:\/\/vocesparalelas.com.ar\/sitio\/wp-json\/wp\/v2\/media\/81456"}],"wp:attachment":[{"href":"https:\/\/vocesparalelas.com.ar\/sitio\/wp-json\/wp\/v2\/media?parent=81453"}],"wp:term":[{"taxonomy":"category","embeddable":true,"href":"https:\/\/vocesparalelas.com.ar\/sitio\/wp-json\/wp\/v2\/categories?post=81453"},{"taxonomy":"post_tag","embeddable":true,"href":"https:\/\/vocesparalelas.com.ar\/sitio\/wp-json\/wp\/v2\/tags?post=81453"}],"curies":[{"name":"wp","href":"https:\/\/api.w.org\/{rel}","templated":true}]}}