{"id":81449,"date":"2025-01-12T21:07:06","date_gmt":"2025-01-13T00:07:06","guid":{"rendered":"https:\/\/vocesparalelas.com.ar\/sitio\/?p=81449"},"modified":"2025-01-12T21:07:06","modified_gmt":"2025-01-13T00:07:06","slug":"cuidado-al-conducir-a-los-automovilistas-porque-la-lluvia-impide-el-transito-seguro-en-san-juan","status":"publish","type":"post","link":"https:\/\/vocesparalelas.com.ar\/sitio\/cuidado-al-conducir-a-los-automovilistas-porque-la-lluvia-impide-el-transito-seguro-en-san-juan\/","title":{"rendered":"Cuidado al conducir a los automovilistas porque la lluvia impide el tr\u00e1nsito seguro en San Juan"},"content":{"rendered":"<p>Se informa que la Ruta Nacional N\u00b040 San Juan &#8211;\u00a0 Jachal, y Ruta Nacional N\u00b0149 que conectan con los departamentos Iglesias y Calingasta de San Juan se encuentra moment\u00e1neamente cortada en la circulaci\u00f3n debido a desbordes ocasionados por las recientes lluvias. Aunque el nivel de agua ha descendido, persiste material de arrastre en la v\u00eda, lo que impide el tr\u00e1nsito seguro.<\/p>\n<p>Personal de Vialidad Nacional y Provincial trabajan en el lugar. Asimismo, se est\u00e1 coordinando con el \u00e1rea de Hidr\u00e1ulica del Ministerio de Infraestructura, Agua y Energ\u00eda del Gobierno de San Juan para realizar las tareas de limpieza necesarias y habilitar la ruta lo antes posible.<\/p>\n<p><iframe loading=\"lazy\" title=\"SAN JUAN RUTA 40\" width=\"800\" height=\"450\" src=\"https:\/\/www.youtube.com\/embed\/nGrHGpi-bp8?feature=oembed\" frameborder=\"0\" allow=\"accelerometer; autoplay; clipboard-write; encrypted-media; gyroscope; picture-in-picture; web-share\" referrerpolicy=\"strict-origin-when-cross-origin\" allowfullscreen><\/iframe><\/p>\n<p>Se pide a los conductores que eviten la zona y tomen rutas alternativas. Agradecen su comprensi\u00f3n y cooperaci\u00f3n.<\/p>\n<p><iframe loading=\"lazy\" title=\"SAN JUAN RUTA 40\" width=\"800\" height=\"450\" src=\"https:\/\/www.youtube.com\/embed\/W-Y5OmSoFOk?feature=oembed\" frameborder=\"0\" allow=\"accelerometer; autoplay; clipboard-write; encrypted-media; gyroscope; picture-in-picture; web-share\" referrerpolicy=\"strict-origin-when-cross-origin\" allowfullscreen><\/iframe><\/p>\n<p>&nbsp;<\/p>\n<p>&nbsp;<\/p>\n","protected":false},"excerpt":{"rendered":"<p>Se informa que la Ruta Nacional N\u00b040 San Juan &#8211;\u00a0 Jachal, y Ruta Nacional N\u00b0149 que conectan con los departamentos<\/p>\n","protected":false},"author":3,"featured_media":68051,"comment_status":"closed","ping_status":"closed","sticky":false,"template":"","format":"standard","meta":{"_acf_changed":false,"_seopress_robots_primary_cat":"none","_seopress_titles_title":"","_seopress_titles_desc":"","_seopress_robots_index":"","colormag_page_container_layout":"default_layout","colormag_page_sidebar_layout":"default_layout","footnotes":""},"categories":[1],"tags":[],"class_list":["post-81449","post","type-post","status-publish","format-standard","has-post-thumbnail","hentry","category-destacadas"],"acf":[],"_links":{"self":[{"href":"https:\/\/vocesparalelas.com.ar\/sitio\/wp-json\/wp\/v2\/posts\/81449","targetHints":{"allow":["GET"]}}],"collection":[{"href":"https:\/\/vocesparalelas.com.ar\/sitio\/wp-json\/wp\/v2\/posts"}],"about":[{"href":"https:\/\/vocesparalelas.com.ar\/sitio\/wp-json\/wp\/v2\/types\/post"}],"author":[{"embeddable":true,"href":"https:\/\/vocesparalelas.com.ar\/sitio\/wp-json\/wp\/v2\/users\/3"}],"replies":[{"embeddable":true,"href":"https:\/\/vocesparalelas.com.ar\/sitio\/wp-json\/wp\/v2\/comments?post=81449"}],"version-history":[{"count":1,"href":"https:\/\/vocesparalelas.com.ar\/sitio\/wp-json\/wp\/v2\/posts\/81449\/revisions"}],"predecessor-version":[{"id":81452,"href":"https:\/\/vocesparalelas.com.ar\/sitio\/wp-json\/wp\/v2\/posts\/81449\/revisions\/81452"}],"wp:featuredmedia":[{"embeddable":true,"href":"https:\/\/vocesparalelas.com.ar\/sitio\/wp-json\/wp\/v2\/media\/68051"}],"wp:attachment":[{"href":"https:\/\/vocesparalelas.com.ar\/sitio\/wp-json\/wp\/v2\/media?parent=81449"}],"wp:term":[{"taxonomy":"category","embeddable":true,"href":"https:\/\/vocesparalelas.com.ar\/sitio\/wp-json\/wp\/v2\/categories?post=81449"},{"taxonomy":"post_tag","embeddable":true,"href":"https:\/\/vocesparalelas.com.ar\/sitio\/wp-json\/wp\/v2\/tags?post=81449"}],"curies":[{"name":"wp","href":"https:\/\/api.w.org\/{rel}","templated":true}]}}