{"id":81443,"date":"2025-01-12T14:04:05","date_gmt":"2025-01-12T17:04:05","guid":{"rendered":"https:\/\/vocesparalelas.com.ar\/sitio\/?p=81443"},"modified":"2025-01-12T14:04:05","modified_gmt":"2025-01-12T17:04:05","slug":"comienza-el-verano-tech-2025-en-san-juan","status":"publish","type":"post","link":"https:\/\/vocesparalelas.com.ar\/sitio\/comienza-el-verano-tech-2025-en-san-juan\/","title":{"rendered":"Comienza el \u00abVerano Tech 2025\u00bb en San Juan"},"content":{"rendered":"<p>El Lunes, 13 de Enero de 2025, a las 10:00 hs, comienza el \u00abVerano Tech 2025\u00bb en San Juan, la capacitaci\u00f3n de verano organizada por el ministerio de Producci\u00f3n a trav\u00e9s de la secretar\u00eda de Ciencia, Tecnolog\u00eda e Innovaci\u00f3n.<\/p>\n<p>Este programa se realizar\u00e1 en el Centro de Econom\u00eda del Conocimiento e Innovaci\u00f3n (CECI), y busca fomentar el aprendizaje tecnol\u00f3gico, la integraci\u00f3n y el trabajo colaborativo, contribuyendo al desarrollo del talento local y motivando a los ni\u00f1os y j\u00f3venes a explorar carreras en ciencia, tecnolog\u00eda e ingenier\u00eda.<\/p>\n<p>Autoridades de la Secretar\u00eda de Ciencia, Tecnolog\u00eda e Innovaci\u00f3n confirmaron el inter\u00e9s que despert\u00f3 el programa Verano Tech en la poblaci\u00f3n, una propuesta gratuita de formaci\u00f3n tecnol\u00f3gica destinada a ni\u00f1os y adolescentes de San Juan. Con una inscripci\u00f3n de casi 400 participantes, los talleres de Rob\u00f3tica, Impresi\u00f3n 3D, Dibujo Digital y Dise\u00f1o de Videojuegos han demostrado ser una excelente oportunidad para desarrollar habilidades clave en un mundo cada vez m\u00e1s digital.<\/p>\n<p>Sobre el \u00e9xito de la convocatoria el Secretario Dr. Germ\u00e1n Von Euw asegur\u00f3 que \u201ceste nivel de inter\u00e9s nos reafirma la importancia de formar a las nuevas generaciones en tecnolog\u00edas avanzadas. Nuestro objetivo es reducir la brecha digital y preparar a los chicos para los desaf\u00edos del futuro laboral, mientras desarrollan su creatividad y pensamiento cr\u00edtico\u201d.<\/p>\n<p><img loading=\"lazy\" decoding=\"async\" class=\"alignnone size-full wp-image-69483\" src=\"https:\/\/vocesparalelas.com.ar\/sitio\/wp-content\/uploads\/2024\/02\/CECI-SJ-02.jpg\" alt=\"\" width=\"800\" height=\"451\" srcset=\"https:\/\/vocesparalelas.com.ar\/sitio\/wp-content\/uploads\/2024\/02\/CECI-SJ-02.jpg 800w, https:\/\/vocesparalelas.com.ar\/sitio\/wp-content\/uploads\/2024\/02\/CECI-SJ-02-300x169.jpg 300w, https:\/\/vocesparalelas.com.ar\/sitio\/wp-content\/uploads\/2024\/02\/CECI-SJ-02-768x433.jpg 768w\" sizes=\"auto, (max-width: 800px) 100vw, 800px\" \/><\/p>\n","protected":false},"excerpt":{"rendered":"<p>El Lunes, 13 de Enero de 2025, a las 10:00 hs, comienza el \u00abVerano Tech 2025\u00bb en San Juan, la<\/p>\n","protected":false},"author":3,"featured_media":81446,"comment_status":"closed","ping_status":"closed","sticky":false,"template":"","format":"standard","meta":{"_acf_changed":false,"_seopress_robots_primary_cat":"none","_seopress_titles_title":"","_seopress_titles_desc":"","_seopress_robots_index":"","colormag_page_container_layout":"default_layout","colormag_page_sidebar_layout":"default_layout","footnotes":""},"categories":[1],"tags":[],"class_list":["post-81443","post","type-post","status-publish","format-standard","has-post-thumbnail","hentry","category-destacadas"],"acf":[],"_links":{"self":[{"href":"https:\/\/vocesparalelas.com.ar\/sitio\/wp-json\/wp\/v2\/posts\/81443","targetHints":{"allow":["GET"]}}],"collection":[{"href":"https:\/\/vocesparalelas.com.ar\/sitio\/wp-json\/wp\/v2\/posts"}],"about":[{"href":"https:\/\/vocesparalelas.com.ar\/sitio\/wp-json\/wp\/v2\/types\/post"}],"author":[{"embeddable":true,"href":"https:\/\/vocesparalelas.com.ar\/sitio\/wp-json\/wp\/v2\/users\/3"}],"replies":[{"embeddable":true,"href":"https:\/\/vocesparalelas.com.ar\/sitio\/wp-json\/wp\/v2\/comments?post=81443"}],"version-history":[{"count":2,"href":"https:\/\/vocesparalelas.com.ar\/sitio\/wp-json\/wp\/v2\/posts\/81443\/revisions"}],"predecessor-version":[{"id":81448,"href":"https:\/\/vocesparalelas.com.ar\/sitio\/wp-json\/wp\/v2\/posts\/81443\/revisions\/81448"}],"wp:featuredmedia":[{"embeddable":true,"href":"https:\/\/vocesparalelas.com.ar\/sitio\/wp-json\/wp\/v2\/media\/81446"}],"wp:attachment":[{"href":"https:\/\/vocesparalelas.com.ar\/sitio\/wp-json\/wp\/v2\/media?parent=81443"}],"wp:term":[{"taxonomy":"category","embeddable":true,"href":"https:\/\/vocesparalelas.com.ar\/sitio\/wp-json\/wp\/v2\/categories?post=81443"},{"taxonomy":"post_tag","embeddable":true,"href":"https:\/\/vocesparalelas.com.ar\/sitio\/wp-json\/wp\/v2\/tags?post=81443"}],"curies":[{"name":"wp","href":"https:\/\/api.w.org\/{rel}","templated":true}]}}