{"id":81439,"date":"2025-01-12T11:45:37","date_gmt":"2025-01-12T14:45:37","guid":{"rendered":"https:\/\/vocesparalelas.com.ar\/sitio\/?p=81439"},"modified":"2025-01-12T11:45:37","modified_gmt":"2025-01-12T14:45:37","slug":"circuito-santa-lucia-2025-en-san-juan-y-cambio-de-recorrido-de-la-redtulum","status":"publish","type":"post","link":"https:\/\/vocesparalelas.com.ar\/sitio\/circuito-santa-lucia-2025-en-san-juan-y-cambio-de-recorrido-de-la-redtulum\/","title":{"rendered":"\u00abCircuito Santa Luc\u00eda 2025\u00bb en San Juan y cambio de recorrido de la RedTulum"},"content":{"rendered":"<p>En el marco del evento deportivo \u00abCircuito Santa Luc\u00eda 2025\u00bb, el Ministerio de Gobierno de San Juan, a trav\u00e9s de la Direcci\u00f3n de Coordinaci\u00f3n de RedTulum, ha comunicado desv\u00edos de recorridos el Domingo, 12 de Enero, entre las 15:00 y las 19:00 hs. La competencia, que se desarrolla en el departamento Santa Luc\u00eda, afecta el tr\u00e1nsito y los servicios de transporte p\u00fablico en varias l\u00edneas.<\/p>\n<p><span style=\"color: #ff6600;\"><strong>Detalle de desv\u00edos y recorrido del evento<\/strong><\/span><\/p>\n<p>La prueba ciclista tiene su punto de concentraci\u00f3n y salida en\u00a0 Col\u00f3n, entre R\u00edo Negro y Neuqu\u00e9n, frente a la Plaza H\u00e9roes de Malvinas.<\/p>\n<p>Los competidores realizan diez giros en un trayecto que abarca las siguientes calles y avenidas: Col\u00f3n, Cordillera de los Andes, Marcelo T. Alvear, Ant\u00e1rtida Argentina, Avellaneda, Roque S\u00e1enz Pe\u00f1a, Dr. Ricardo Guti\u00e9rrez, Azcu\u00e9naga, Juan Lavalle, Avenida Libertador General San Mart\u00edn, Balcarce e Hip\u00f3lito Yrigoyen, finalizando nuevamente en calle Col\u00f3n.<\/p>\n<p><span style=\"color: #ff6600;\"><strong>L\u00edneas de transporte afectadas<\/strong><\/span><\/p>\n<p>RedTulum ha informado que los siguientes servicios de transporte p\u00fablico ver\u00e1n modificados sus recorridos durante el horario del evento:<\/p>\n<ul>\n<li>U.T.E. La Marina S.A. \u2013 La Positiva S.A.: TEO 2\/3<\/li>\n<li>Alto de Sierra S.R.L.: D &#8211; 30 &#8211; 300 &#8211; 301 &#8211; 302 &#8211; 303 &#8211; 304<\/li>\n<li>El Triunfo S.A.: 320 &#8211; 321 &#8211; 322 &#8211; 323 &#8211; 340 &#8211; 341 &#8211; 345<\/li>\n<li>Albard\u00f3n S.R.L.: 440A\/B &#8211; 441A\/B\/C\/D\/E\/F &#8211; 442 &#8211; 460 &#8211; 461 &#8211; 462<\/li>\n<\/ul>\n<p>Se recomienda a los usuarios planificar sus desplazamientos con antelaci\u00f3n y consultar las actualizaciones en las plataformas oficiales de RedTulum.<\/p>\n<p><img loading=\"lazy\" decoding=\"async\" class=\"alignnone size-full wp-image-69210\" src=\"https:\/\/vocesparalelas.com.ar\/sitio\/wp-content\/uploads\/2024\/02\/REDTULUM-COLECTIVO-01.jpg\" alt=\"\" width=\"800\" height=\"470\" srcset=\"https:\/\/vocesparalelas.com.ar\/sitio\/wp-content\/uploads\/2024\/02\/REDTULUM-COLECTIVO-01.jpg 800w, https:\/\/vocesparalelas.com.ar\/sitio\/wp-content\/uploads\/2024\/02\/REDTULUM-COLECTIVO-01-300x176.jpg 300w, https:\/\/vocesparalelas.com.ar\/sitio\/wp-content\/uploads\/2024\/02\/REDTULUM-COLECTIVO-01-768x451.jpg 768w\" sizes=\"auto, (max-width: 800px) 100vw, 800px\" \/><\/p>\n<p>&nbsp;<\/p>\n","protected":false},"excerpt":{"rendered":"<p>En el marco del evento deportivo \u00abCircuito Santa Luc\u00eda 2025\u00bb, el Ministerio de Gobierno de San Juan, a trav\u00e9s de<\/p>\n","protected":false},"author":3,"featured_media":74417,"comment_status":"closed","ping_status":"closed","sticky":false,"template":"","format":"standard","meta":{"_acf_changed":false,"_seopress_robots_primary_cat":"none","_seopress_titles_title":"","_seopress_titles_desc":"","_seopress_robots_index":"","colormag_page_container_layout":"default_layout","colormag_page_sidebar_layout":"default_layout","footnotes":""},"categories":[1],"tags":[],"class_list":["post-81439","post","type-post","status-publish","format-standard","has-post-thumbnail","hentry","category-destacadas"],"acf":[],"_links":{"self":[{"href":"https:\/\/vocesparalelas.com.ar\/sitio\/wp-json\/wp\/v2\/posts\/81439","targetHints":{"allow":["GET"]}}],"collection":[{"href":"https:\/\/vocesparalelas.com.ar\/sitio\/wp-json\/wp\/v2\/posts"}],"about":[{"href":"https:\/\/vocesparalelas.com.ar\/sitio\/wp-json\/wp\/v2\/types\/post"}],"author":[{"embeddable":true,"href":"https:\/\/vocesparalelas.com.ar\/sitio\/wp-json\/wp\/v2\/users\/3"}],"replies":[{"embeddable":true,"href":"https:\/\/vocesparalelas.com.ar\/sitio\/wp-json\/wp\/v2\/comments?post=81439"}],"version-history":[{"count":1,"href":"https:\/\/vocesparalelas.com.ar\/sitio\/wp-json\/wp\/v2\/posts\/81439\/revisions"}],"predecessor-version":[{"id":81442,"href":"https:\/\/vocesparalelas.com.ar\/sitio\/wp-json\/wp\/v2\/posts\/81439\/revisions\/81442"}],"wp:featuredmedia":[{"embeddable":true,"href":"https:\/\/vocesparalelas.com.ar\/sitio\/wp-json\/wp\/v2\/media\/74417"}],"wp:attachment":[{"href":"https:\/\/vocesparalelas.com.ar\/sitio\/wp-json\/wp\/v2\/media?parent=81439"}],"wp:term":[{"taxonomy":"category","embeddable":true,"href":"https:\/\/vocesparalelas.com.ar\/sitio\/wp-json\/wp\/v2\/categories?post=81439"},{"taxonomy":"post_tag","embeddable":true,"href":"https:\/\/vocesparalelas.com.ar\/sitio\/wp-json\/wp\/v2\/tags?post=81439"}],"curies":[{"name":"wp","href":"https:\/\/api.w.org\/{rel}","templated":true}]}}