{"id":81434,"date":"2025-01-12T10:42:59","date_gmt":"2025-01-12T13:42:59","guid":{"rendered":"https:\/\/vocesparalelas.com.ar\/sitio\/?p=81434"},"modified":"2025-01-12T10:42:59","modified_gmt":"2025-01-12T13:42:59","slug":"se-suspendio-la-segunda-noche-de-la-37-fiesta-provincial-de-la-semilla-y-la-manzana-2025-por-razones-climaticas-en-san-juan","status":"publish","type":"post","link":"https:\/\/vocesparalelas.com.ar\/sitio\/se-suspendio-la-segunda-noche-de-la-37-fiesta-provincial-de-la-semilla-y-la-manzana-2025-por-razones-climaticas-en-san-juan\/","title":{"rendered":"Se suspendi\u00f3 la segunda noche de la 37\u00b0 Fiesta Provincial de la Semilla y la Manzana 2025 por razones clim\u00e1ticas en San Juan"},"content":{"rendered":"<p>El predio Los Manantiales de Rodeo, Departamento Iglesia, Provincia de San Juan, se visti\u00f3 de colores con la Fiesta Provincial de la Semilla y la Manzana 2025, que se desarroll\u00f3 el Viernes, 10 de Enero con una programaci\u00f3n de gran nivel de historia y encanto, sanjuaninos y visitantes tuvieron la oportunidad de reunirse para compartir, disfrutar y fortalecer lazos culturales.<\/p>\n<p><img loading=\"lazy\" decoding=\"async\" class=\"alignnone size-full wp-image-81437\" src=\"https:\/\/vocesparalelas.com.ar\/sitio\/wp-content\/uploads\/2025\/01\/IGLESIA-PREDIO.jpg\" alt=\"\" width=\"800\" height=\"438\" srcset=\"https:\/\/vocesparalelas.com.ar\/sitio\/wp-content\/uploads\/2025\/01\/IGLESIA-PREDIO.jpg 800w, https:\/\/vocesparalelas.com.ar\/sitio\/wp-content\/uploads\/2025\/01\/IGLESIA-PREDIO-300x164.jpg 300w, https:\/\/vocesparalelas.com.ar\/sitio\/wp-content\/uploads\/2025\/01\/IGLESIA-PREDIO-768x420.jpg 768w\" sizes=\"auto, (max-width: 800px) 100vw, 800px\" \/><\/p>\n<p>Lamentablemente, el segundo encuentro fue para el S\u00e1bado, 11 de Enero, que por la lluvia que cay\u00f3 no permiti\u00f3 que se disfrutara y que por razones clim\u00e1ticas los organizadores decidieron suspender el gran evento del Departamento Iglesia.<\/p>\n<p><img loading=\"lazy\" decoding=\"async\" class=\"alignnone size-full wp-image-81261\" src=\"https:\/\/vocesparalelas.com.ar\/sitio\/wp-content\/uploads\/2025\/01\/IGLESIA-SEMILLA-MANZANA-02.jpg\" alt=\"\" width=\"800\" height=\"533\" srcset=\"https:\/\/vocesparalelas.com.ar\/sitio\/wp-content\/uploads\/2025\/01\/IGLESIA-SEMILLA-MANZANA-02.jpg 800w, https:\/\/vocesparalelas.com.ar\/sitio\/wp-content\/uploads\/2025\/01\/IGLESIA-SEMILLA-MANZANA-02-300x200.jpg 300w, https:\/\/vocesparalelas.com.ar\/sitio\/wp-content\/uploads\/2025\/01\/IGLESIA-SEMILLA-MANZANA-02-768x512.jpg 768w\" sizes=\"auto, (max-width: 800px) 100vw, 800px\" \/><\/p>\n<p>&nbsp;<\/p>\n","protected":false},"excerpt":{"rendered":"<p>El predio Los Manantiales de Rodeo, Departamento Iglesia, Provincia de San Juan, se visti\u00f3 de colores con la Fiesta Provincial<\/p>\n","protected":false},"author":3,"featured_media":81262,"comment_status":"closed","ping_status":"closed","sticky":false,"template":"","format":"standard","meta":{"_acf_changed":false,"_seopress_robots_primary_cat":"none","_seopress_titles_title":"","_seopress_titles_desc":"","_seopress_robots_index":"","colormag_page_container_layout":"default_layout","colormag_page_sidebar_layout":"default_layout","footnotes":""},"categories":[1],"tags":[],"class_list":["post-81434","post","type-post","status-publish","format-standard","has-post-thumbnail","hentry","category-destacadas"],"acf":[],"_links":{"self":[{"href":"https:\/\/vocesparalelas.com.ar\/sitio\/wp-json\/wp\/v2\/posts\/81434","targetHints":{"allow":["GET"]}}],"collection":[{"href":"https:\/\/vocesparalelas.com.ar\/sitio\/wp-json\/wp\/v2\/posts"}],"about":[{"href":"https:\/\/vocesparalelas.com.ar\/sitio\/wp-json\/wp\/v2\/types\/post"}],"author":[{"embeddable":true,"href":"https:\/\/vocesparalelas.com.ar\/sitio\/wp-json\/wp\/v2\/users\/3"}],"replies":[{"embeddable":true,"href":"https:\/\/vocesparalelas.com.ar\/sitio\/wp-json\/wp\/v2\/comments?post=81434"}],"version-history":[{"count":1,"href":"https:\/\/vocesparalelas.com.ar\/sitio\/wp-json\/wp\/v2\/posts\/81434\/revisions"}],"predecessor-version":[{"id":81438,"href":"https:\/\/vocesparalelas.com.ar\/sitio\/wp-json\/wp\/v2\/posts\/81434\/revisions\/81438"}],"wp:featuredmedia":[{"embeddable":true,"href":"https:\/\/vocesparalelas.com.ar\/sitio\/wp-json\/wp\/v2\/media\/81262"}],"wp:attachment":[{"href":"https:\/\/vocesparalelas.com.ar\/sitio\/wp-json\/wp\/v2\/media?parent=81434"}],"wp:term":[{"taxonomy":"category","embeddable":true,"href":"https:\/\/vocesparalelas.com.ar\/sitio\/wp-json\/wp\/v2\/categories?post=81434"},{"taxonomy":"post_tag","embeddable":true,"href":"https:\/\/vocesparalelas.com.ar\/sitio\/wp-json\/wp\/v2\/tags?post=81434"}],"curies":[{"name":"wp","href":"https:\/\/api.w.org\/{rel}","templated":true}]}}