{"id":81426,"date":"2025-01-11T21:58:40","date_gmt":"2025-01-12T00:58:40","guid":{"rendered":"https:\/\/vocesparalelas.com.ar\/sitio\/?p=81426"},"modified":"2025-01-11T21:58:40","modified_gmt":"2025-01-12T00:58:40","slug":"se-informa-que-las-rutas-nacionales-estan-habilitadas-y-transitables-en-san-juan","status":"publish","type":"post","link":"https:\/\/vocesparalelas.com.ar\/sitio\/se-informa-que-las-rutas-nacionales-estan-habilitadas-y-transitables-en-san-juan\/","title":{"rendered":"Se informa que las Rutas Nacionales est\u00e1n habilitadas y transitables en San Juan"},"content":{"rendered":"<p>Desde el 9\u00b0 Distrito de Vialidad Nacional, informan que las Rutas Nacionales est\u00e1n habilitadas y transitables con precauci\u00f3n. Agradecemos a todos los trabajadores viales que han participado en los esfuerzos para asegurar que la sociedad de San Juan pueda seguir y llegar a sus destinos sin inconvenientes.<\/p>\n<p><strong><span style=\"color: #ff6600;\">Detalles por Ruta<\/span><\/strong><\/p>\n<ul>\n<li>Ruta 40 Norte (Huaco al L\u00edmite con La Rioja): Transitable con precauci\u00f3n debido a la reciente bajada de crecientes.<\/li>\n<li>Ruta 150 (Tramo J\u00e1chal &#8211; Rodeo): Transitable con precauci\u00f3n.<\/li>\n<li>Ruta 40 (Tramo J\u00e1chal &#8211; San Juan): Transitable con precauci\u00f3n.<\/li>\n<li>Ruta 40 (A la altura de Santa Clara, La Rioja): Transitable con precauci\u00f3n despu\u00e9s de crecientes en los badenes y lluvias en la zona.<\/li>\n<li>Ruta 491: Transitable con precauci\u00f3n. Observaciones Generales<\/li>\n<li>Ruta 153: Sarmiento Pedernal mantenimiento a cargo DPV guardia permanente.<\/li>\n<li>Ruta 141: Caucete transitable con precauci\u00f3n.<\/li>\n<li>Ruta 20: San Juan El Encon transitable con precauci\u00f3n.<\/li>\n<li>Ruta 150: J\u00e1chal -Ischigualasto transitable m\u00e1xima precauci\u00f3n.<\/li>\n<\/ul>\n<p>Se recomienda a los conductores mantener la precauci\u00f3n al transitar por estas rutas debido a las condiciones clim\u00e1ticas recientes. Las autoridades de Vialidad contin\u00faan trabajando para garantizar la seguridad de los usuarios de las v\u00edas.<\/p>\n<ul>\n<li>Huaco l\u00edmite con La Rioja Ruta 40 Norte se encuentra INTRANSITABLE<br \/>\nLluvia y bajada de agua por badenes.<br \/>\nMa\u00f1ana se realiza limpieza en badenes.<\/li>\n<\/ul>\n<p>Por favor no viajar de noche.<\/p>\n<p><img loading=\"lazy\" decoding=\"async\" class=\"alignnone size-full wp-image-36974\" src=\"https:\/\/vocesparalelas.com.ar\/sitio\/wp-content\/uploads\/2021\/04\/RUTA-40-TERREMOTO.jpg\" alt=\"\" width=\"800\" height=\"443\" srcset=\"https:\/\/vocesparalelas.com.ar\/sitio\/wp-content\/uploads\/2021\/04\/RUTA-40-TERREMOTO.jpg 800w, https:\/\/vocesparalelas.com.ar\/sitio\/wp-content\/uploads\/2021\/04\/RUTA-40-TERREMOTO-300x166.jpg 300w, https:\/\/vocesparalelas.com.ar\/sitio\/wp-content\/uploads\/2021\/04\/RUTA-40-TERREMOTO-768x425.jpg 768w\" sizes=\"auto, (max-width: 800px) 100vw, 800px\" \/><\/p>\n<p>&nbsp;<\/p>\n","protected":false},"excerpt":{"rendered":"<p>Desde el 9\u00b0 Distrito de Vialidad Nacional, informan que las Rutas Nacionales est\u00e1n habilitadas y transitables con precauci\u00f3n. Agradecemos a<\/p>\n","protected":false},"author":3,"featured_media":2876,"comment_status":"closed","ping_status":"closed","sticky":false,"template":"","format":"standard","meta":{"_acf_changed":false,"_seopress_robots_primary_cat":"none","_seopress_titles_title":"","_seopress_titles_desc":"","_seopress_robots_index":"","colormag_page_container_layout":"default_layout","colormag_page_sidebar_layout":"default_layout","footnotes":""},"categories":[1],"tags":[],"class_list":["post-81426","post","type-post","status-publish","format-standard","has-post-thumbnail","hentry","category-destacadas"],"acf":[],"_links":{"self":[{"href":"https:\/\/vocesparalelas.com.ar\/sitio\/wp-json\/wp\/v2\/posts\/81426","targetHints":{"allow":["GET"]}}],"collection":[{"href":"https:\/\/vocesparalelas.com.ar\/sitio\/wp-json\/wp\/v2\/posts"}],"about":[{"href":"https:\/\/vocesparalelas.com.ar\/sitio\/wp-json\/wp\/v2\/types\/post"}],"author":[{"embeddable":true,"href":"https:\/\/vocesparalelas.com.ar\/sitio\/wp-json\/wp\/v2\/users\/3"}],"replies":[{"embeddable":true,"href":"https:\/\/vocesparalelas.com.ar\/sitio\/wp-json\/wp\/v2\/comments?post=81426"}],"version-history":[{"count":1,"href":"https:\/\/vocesparalelas.com.ar\/sitio\/wp-json\/wp\/v2\/posts\/81426\/revisions"}],"predecessor-version":[{"id":81429,"href":"https:\/\/vocesparalelas.com.ar\/sitio\/wp-json\/wp\/v2\/posts\/81426\/revisions\/81429"}],"wp:featuredmedia":[{"embeddable":true,"href":"https:\/\/vocesparalelas.com.ar\/sitio\/wp-json\/wp\/v2\/media\/2876"}],"wp:attachment":[{"href":"https:\/\/vocesparalelas.com.ar\/sitio\/wp-json\/wp\/v2\/media?parent=81426"}],"wp:term":[{"taxonomy":"category","embeddable":true,"href":"https:\/\/vocesparalelas.com.ar\/sitio\/wp-json\/wp\/v2\/categories?post=81426"},{"taxonomy":"post_tag","embeddable":true,"href":"https:\/\/vocesparalelas.com.ar\/sitio\/wp-json\/wp\/v2\/tags?post=81426"}],"curies":[{"name":"wp","href":"https:\/\/api.w.org\/{rel}","templated":true}]}}