{"id":81384,"date":"2025-01-10T19:46:27","date_gmt":"2025-01-10T22:46:27","guid":{"rendered":"https:\/\/vocesparalelas.com.ar\/sitio\/?p=81384"},"modified":"2025-01-10T19:46:27","modified_gmt":"2025-01-10T22:46:27","slug":"asumio-el-diputado-proporcional-electo-federico-rizo-en-la-camara-de-diputados-de-san-juan","status":"publish","type":"post","link":"https:\/\/vocesparalelas.com.ar\/sitio\/asumio-el-diputado-proporcional-electo-federico-rizo-en-la-camara-de-diputados-de-san-juan\/","title":{"rendered":"Asumi\u00f3 el diputado proporcional electo Federico Rizo en la C\u00e1mara de Diputados de San Juan"},"content":{"rendered":"<p>Durante el desarrollo de la Primera Sesi\u00f3n Extraordinaria, el Viernes, 10 de Enero de 2025, presidida por el vicepresidente primero, legislador Enzo Cornejo, asumi\u00f3 a su cargo el diputado proporcional electo Federico Rizo.<\/p>\n<p>En primer lugar, se dio lectura al expediente N\u00b0 3737-2024, en el que el Tribunal Electoral de la provincia de San Juan comunic\u00f3, a trav\u00e9s de una nota, los nombres de los suplentes que contin\u00faan en el orden de la lista partidaria para ocupar la vacante dejada por el fallecimiento del diputado Horacio Quiroga. Este procedimiento se ajusta a lo dispuesto por el Art\u00edculo 134\u00ba de la Constituci\u00f3n Provincial.<\/p>\n<p>El expediente incluy\u00f3 tambi\u00e9n la nota de renuncia presentada por la diputada proporcional electa, Florencia Pe\u00f1aloza, quien ocupaba el s\u00e9ptimo lugar en la lista de la agrupaci\u00f3n San Juan por Todos, subagrupaci\u00f3n Vamos San Juan. En su renuncia, Pe\u00f1aloza fund\u00f3 su decisi\u00f3n en el compromiso asumido tras jurar como Defensora del Pueblo de la Provincia de San Juan, cargo que contin\u00faa ejerciendo. En virtud de ello, la Legislatura acept\u00f3 y permiti\u00f3 su renuncia.<\/p>\n<p>A continuaci\u00f3n, la Legislatura evalu\u00f3 y aprob\u00f3 el t\u00edtulo y documentaci\u00f3n del siguiente diputado electo suplente en la lista, el ciudadano Federico Rizo. Seguidamente, el vicepresidente primero invit\u00f3 al diputado al estrado de Presidencia para realizar el juramento correspondiente. De esta manera, el legislador tom\u00f3 posesi\u00f3n del mandato y procedi\u00f3 a ocupar su banca.<\/p>\n<p><span style=\"color: #666699;\"><strong>Modificaci\u00f3n de la Ley Impositiva y C\u00f3digo Tributario<\/strong><\/span><\/p>\n<p>En otro orden de temas, la Legislatura aprob\u00f3 el proyecto de ley presentado por el interbloque Cambia San Juan, mediante el cual se modifican las Leyes 2730-I y 151-I (Ley Impositiva Anual 2025 y C\u00f3digo Tributario de la Provincia). El diputado Juan de la Cruz C\u00f3rdoba fundament\u00f3 el proyecto, explicando que las modificaciones abordan omisiones involuntarias relacionadas con remisiones externas y unidades tributarias espec\u00edficas.<\/p>\n<p><iframe loading=\"lazy\" title=\"1 Sesi\u00f3n Extraordinaria a\u00f1o 2025 - 10 de Enero de 2025\" width=\"800\" height=\"450\" src=\"https:\/\/www.youtube.com\/embed\/NEtVXfah_O0?feature=oembed\" frameborder=\"0\" allow=\"accelerometer; autoplay; clipboard-write; encrypted-media; gyroscope; picture-in-picture; web-share\" referrerpolicy=\"strict-origin-when-cross-origin\" allowfullscreen><\/iframe><\/p>\n<figure id=\"attachment_37951\" aria-describedby=\"caption-attachment-37951\" style=\"width: 800px\" class=\"wp-caption alignnone\"><img loading=\"lazy\" decoding=\"async\" class=\"size-full wp-image-37951\" src=\"https:\/\/vocesparalelas.com.ar\/sitio\/wp-content\/uploads\/2021\/05\/CAMARA-EDIFICIO.jpg\" alt=\"\" width=\"800\" height=\"515\" srcset=\"https:\/\/vocesparalelas.com.ar\/sitio\/wp-content\/uploads\/2021\/05\/CAMARA-EDIFICIO.jpg 800w, https:\/\/vocesparalelas.com.ar\/sitio\/wp-content\/uploads\/2021\/05\/CAMARA-EDIFICIO-300x193.jpg 300w, https:\/\/vocesparalelas.com.ar\/sitio\/wp-content\/uploads\/2021\/05\/CAMARA-EDIFICIO-768x494.jpg 768w\" sizes=\"auto, (max-width: 800px) 100vw, 800px\" \/><figcaption id=\"caption-attachment-37951\" class=\"wp-caption-text\">Legislatura Provincial de San Juan, Rep\u00fablica Argentina<\/figcaption><\/figure>\n","protected":false},"excerpt":{"rendered":"<p>Durante el desarrollo de la Primera Sesi\u00f3n Extraordinaria, el Viernes, 10 de Enero de 2025, presidida por el vicepresidente primero,<\/p>\n","protected":false},"author":3,"featured_media":81387,"comment_status":"closed","ping_status":"closed","sticky":false,"template":"","format":"standard","meta":{"_acf_changed":false,"_seopress_robots_primary_cat":"none","_seopress_titles_title":"","_seopress_titles_desc":"","_seopress_robots_index":"","colormag_page_container_layout":"default_layout","colormag_page_sidebar_layout":"default_layout","footnotes":""},"categories":[1,7],"tags":[],"class_list":["post-81384","post","type-post","status-publish","format-standard","has-post-thumbnail","hentry","category-destacadas","category-videos"],"acf":[],"_links":{"self":[{"href":"https:\/\/vocesparalelas.com.ar\/sitio\/wp-json\/wp\/v2\/posts\/81384","targetHints":{"allow":["GET"]}}],"collection":[{"href":"https:\/\/vocesparalelas.com.ar\/sitio\/wp-json\/wp\/v2\/posts"}],"about":[{"href":"https:\/\/vocesparalelas.com.ar\/sitio\/wp-json\/wp\/v2\/types\/post"}],"author":[{"embeddable":true,"href":"https:\/\/vocesparalelas.com.ar\/sitio\/wp-json\/wp\/v2\/users\/3"}],"replies":[{"embeddable":true,"href":"https:\/\/vocesparalelas.com.ar\/sitio\/wp-json\/wp\/v2\/comments?post=81384"}],"version-history":[{"count":1,"href":"https:\/\/vocesparalelas.com.ar\/sitio\/wp-json\/wp\/v2\/posts\/81384\/revisions"}],"predecessor-version":[{"id":81388,"href":"https:\/\/vocesparalelas.com.ar\/sitio\/wp-json\/wp\/v2\/posts\/81384\/revisions\/81388"}],"wp:featuredmedia":[{"embeddable":true,"href":"https:\/\/vocesparalelas.com.ar\/sitio\/wp-json\/wp\/v2\/media\/81387"}],"wp:attachment":[{"href":"https:\/\/vocesparalelas.com.ar\/sitio\/wp-json\/wp\/v2\/media?parent=81384"}],"wp:term":[{"taxonomy":"category","embeddable":true,"href":"https:\/\/vocesparalelas.com.ar\/sitio\/wp-json\/wp\/v2\/categories?post=81384"},{"taxonomy":"post_tag","embeddable":true,"href":"https:\/\/vocesparalelas.com.ar\/sitio\/wp-json\/wp\/v2\/tags?post=81384"}],"curies":[{"name":"wp","href":"https:\/\/api.w.org\/{rel}","templated":true}]}}