{"id":81365,"date":"2025-01-09T14:00:10","date_gmt":"2025-01-09T17:00:10","guid":{"rendered":"https:\/\/vocesparalelas.com.ar\/sitio\/?p=81365"},"modified":"2025-01-10T00:21:23","modified_gmt":"2025-01-10T03:21:23","slug":"se-suspenden-las-actividades-en-los-diques-de-punta-negra-y-ullum-de-san-juan","status":"publish","type":"post","link":"https:\/\/vocesparalelas.com.ar\/sitio\/se-suspenden-las-actividades-en-los-diques-de-punta-negra-y-ullum-de-san-juan\/","title":{"rendered":"Se suspenden las actividades en los Diques de Punta Negra y Ullum de San Juan"},"content":{"rendered":"<p>Queda suspendida la Navegaci\u00f3n o\/ y permanencia en los Diques de Punta Negra y Ullum de San Juan, c\u00f3mo as\u00ed tambi\u00e9n, en el Rio Las Moras, de las persona ajena a la Seguridad N\u00e1utica, debido a las condiciones clim\u00e1ticas reinantes, fuertes vientos y actividad el\u00e9ctrica.<\/p>\n<p>Desde Seguridad N\u00e1utica de San Juan est\u00e1n en pleno operativo de asistencia y rescate, con total normalidad y sin incidentes de ciudadanos que estaban navegando. Este trabajo es junto al Departamento de Bomberos de la Provincia de San Juan.<\/p>\n<figure id=\"attachment_78943\" aria-describedby=\"caption-attachment-78943\" style=\"width: 800px\" class=\"wp-caption alignnone\"><img loading=\"lazy\" decoding=\"async\" class=\"size-full wp-image-78943\" src=\"https:\/\/vocesparalelas.com.ar\/sitio\/wp-content\/uploads\/2024\/11\/DEPORTE-AGUA-NEGRA-01.jpg\" alt=\"\" width=\"800\" height=\"450\" srcset=\"https:\/\/vocesparalelas.com.ar\/sitio\/wp-content\/uploads\/2024\/11\/DEPORTE-AGUA-NEGRA-01.jpg 800w, https:\/\/vocesparalelas.com.ar\/sitio\/wp-content\/uploads\/2024\/11\/DEPORTE-AGUA-NEGRA-01-300x169.jpg 300w, https:\/\/vocesparalelas.com.ar\/sitio\/wp-content\/uploads\/2024\/11\/DEPORTE-AGUA-NEGRA-01-768x432.jpg 768w\" sizes=\"auto, (max-width: 800px) 100vw, 800px\" \/><figcaption id=\"caption-attachment-78943\" class=\"wp-caption-text\">Dique de Agua Negra, Provincia de San Juan, Rep\u00fablica Argentina<\/figcaption><\/figure>\n<p>Los protocolos funcionan correctamente y se est\u00e1 sacando a las personas del agua sin ning\u00fan tipo de inconvenientes. Pedimos extremar las medidas de seguridad y tener el mayor cuidado posible.<\/p>\n<figure id=\"attachment_31318\" aria-describedby=\"caption-attachment-31318\" style=\"width: 800px\" class=\"wp-caption alignnone\"><img loading=\"lazy\" decoding=\"async\" class=\"size-full wp-image-31318\" src=\"https:\/\/vocesparalelas.com.ar\/sitio\/wp-content\/uploads\/2020\/09\/DIQUE-ULLUM.jpg\" alt=\"\" width=\"800\" height=\"450\" srcset=\"https:\/\/vocesparalelas.com.ar\/sitio\/wp-content\/uploads\/2020\/09\/DIQUE-ULLUM.jpg 800w, https:\/\/vocesparalelas.com.ar\/sitio\/wp-content\/uploads\/2020\/09\/DIQUE-ULLUM-300x169.jpg 300w, https:\/\/vocesparalelas.com.ar\/sitio\/wp-content\/uploads\/2020\/09\/DIQUE-ULLUM-768x432.jpg 768w\" sizes=\"auto, (max-width: 800px) 100vw, 800px\" \/><figcaption id=\"caption-attachment-31318\" class=\"wp-caption-text\">Dique de Ullum, Provincia de San Juan, Rep\u00fablica Argentina<\/figcaption><\/figure>\n<p>&nbsp;<\/p>\n<p><iframe loading=\"lazy\" title=\"SAN JUAN  RUTA 60 PUNTA NEGRA\" width=\"800\" height=\"450\" src=\"https:\/\/www.youtube.com\/embed\/H4MyxMDY98s?feature=oembed\" frameborder=\"0\" allow=\"accelerometer; autoplay; clipboard-write; encrypted-media; gyroscope; picture-in-picture; web-share\" referrerpolicy=\"strict-origin-when-cross-origin\" allowfullscreen><\/iframe><\/p>\n","protected":false},"excerpt":{"rendered":"<p>Queda suspendida la Navegaci\u00f3n o\/ y permanencia en los Diques de Punta Negra y Ullum de San Juan, c\u00f3mo as\u00ed<\/p>\n","protected":false},"author":3,"featured_media":79606,"comment_status":"closed","ping_status":"closed","sticky":false,"template":"","format":"standard","meta":{"_acf_changed":false,"_seopress_robots_primary_cat":"none","_seopress_titles_title":"","_seopress_titles_desc":"","_seopress_robots_index":"","colormag_page_container_layout":"default_layout","colormag_page_sidebar_layout":"default_layout","footnotes":""},"categories":[1,7],"tags":[],"class_list":["post-81365","post","type-post","status-publish","format-standard","has-post-thumbnail","hentry","category-destacadas","category-videos"],"acf":[],"_links":{"self":[{"href":"https:\/\/vocesparalelas.com.ar\/sitio\/wp-json\/wp\/v2\/posts\/81365","targetHints":{"allow":["GET"]}}],"collection":[{"href":"https:\/\/vocesparalelas.com.ar\/sitio\/wp-json\/wp\/v2\/posts"}],"about":[{"href":"https:\/\/vocesparalelas.com.ar\/sitio\/wp-json\/wp\/v2\/types\/post"}],"author":[{"embeddable":true,"href":"https:\/\/vocesparalelas.com.ar\/sitio\/wp-json\/wp\/v2\/users\/3"}],"replies":[{"embeddable":true,"href":"https:\/\/vocesparalelas.com.ar\/sitio\/wp-json\/wp\/v2\/comments?post=81365"}],"version-history":[{"count":1,"href":"https:\/\/vocesparalelas.com.ar\/sitio\/wp-json\/wp\/v2\/posts\/81365\/revisions"}],"predecessor-version":[{"id":81368,"href":"https:\/\/vocesparalelas.com.ar\/sitio\/wp-json\/wp\/v2\/posts\/81365\/revisions\/81368"}],"wp:featuredmedia":[{"embeddable":true,"href":"https:\/\/vocesparalelas.com.ar\/sitio\/wp-json\/wp\/v2\/media\/79606"}],"wp:attachment":[{"href":"https:\/\/vocesparalelas.com.ar\/sitio\/wp-json\/wp\/v2\/media?parent=81365"}],"wp:term":[{"taxonomy":"category","embeddable":true,"href":"https:\/\/vocesparalelas.com.ar\/sitio\/wp-json\/wp\/v2\/categories?post=81365"},{"taxonomy":"post_tag","embeddable":true,"href":"https:\/\/vocesparalelas.com.ar\/sitio\/wp-json\/wp\/v2\/tags?post=81365"}],"curies":[{"name":"wp","href":"https:\/\/api.w.org\/{rel}","templated":true}]}}