{"id":81357,"date":"2025-01-09T15:36:03","date_gmt":"2025-01-09T18:36:03","guid":{"rendered":"https:\/\/vocesparalelas.com.ar\/sitio\/?p=81357"},"modified":"2025-01-10T00:22:01","modified_gmt":"2025-01-10T03:22:01","slug":"veni-al-circuito-luna-llena-en-ischigualasto-departamento-valle-fertil-de-san-juan","status":"publish","type":"post","link":"https:\/\/vocesparalelas.com.ar\/sitio\/veni-al-circuito-luna-llena-en-ischigualasto-departamento-valle-fertil-de-san-juan\/","title":{"rendered":"Ven\u00ed al Circuito \u00abLuna Llena\u00bb en Ischigualasto, Departamento Valle F\u00e9rtil, de San Juan"},"content":{"rendered":"<p>El Parque Provincial Ischigualasto, Departamento Valle F\u00e9rtil, Provincia San Juan, Rep\u00fablica Argentina,\u00a0 ofrece una de las experiencias m\u00e1s fascinantes y exclusivas de San Jua. El Circuito de Luna Llena se lleva a cabo el 11, 12, 13 y 14 de Enero de 2025,\u00a0 mientras que en Febrero tiene lugar el 10, 11, 12 y 13.<\/p>\n<p>Este recorrido nocturno\u00a0permite a los visitantes disfrutar de un paisaje \u00fanico bajo la luz de la luna, resaltando las formas y colores de este sitio declarado Patrimonio Natural de la Humanidad por la UNESCO.<\/p>\n<p>El circuito se realiza durante las noches de luna llena, cuando la claridad natural permite observar con detalle las formaciones geol\u00f3gicas de m\u00e1s de 200 millones de a\u00f1os. Bajo este particular ambiente,\u00a0figuras ic\u00f3nicas como El Hongo, La Cancha de Bochas y El Submarino adquieren un aura especial, combinando misterio y belleza.<\/p>\n<p>El recorrido tiene una\u00a0duraci\u00f3n aproximada de 3 horas\u00a0y es guiado por especialistas que narran la historia geol\u00f3gica, paleontol\u00f3gica y cultural del lugar. Los participantes transitan en veh\u00edculos y realizan breves caminatas en puntos estrat\u00e9gicos del parque, lo que permite una inmersi\u00f3n total en este paisaje surrealista.<\/p>\n<p><img loading=\"lazy\" decoding=\"async\" class=\"alignnone size-full wp-image-81362\" src=\"https:\/\/vocesparalelas.com.ar\/sitio\/wp-content\/uploads\/2025\/01\/CIRCUITO-LUNA-LLENA.jpg\" alt=\"\" width=\"800\" height=\"450\" srcset=\"https:\/\/vocesparalelas.com.ar\/sitio\/wp-content\/uploads\/2025\/01\/CIRCUITO-LUNA-LLENA.jpg 800w, https:\/\/vocesparalelas.com.ar\/sitio\/wp-content\/uploads\/2025\/01\/CIRCUITO-LUNA-LLENA-300x169.jpg 300w, https:\/\/vocesparalelas.com.ar\/sitio\/wp-content\/uploads\/2025\/01\/CIRCUITO-LUNA-LLENA-768x432.jpg 768w\" sizes=\"auto, (max-width: 800px) 100vw, 800px\" \/><\/p>\n<p>Para ser parte de esta experiencia,\u00a0los interesados deben hacer reserva previa\u00a0a los siguientes n\u00fameros: 264 457 0879, 264 418 6119, 264 443 3397, o por mail a\u00a0<span id=\"cloak5a70e6db5f8e64ebd552c98c2d44431d\"><a href=\"mailto:reservas.ischigualasto@gmail.com\">reservas.ischigualasto@gmail.com<\/a><\/span><\/p>\n<p>Adem\u00e1s de esta actividad, el parque ofrece experiencias complementarias como observaci\u00f3n astron\u00f3mica y actividades culturales. La escasa contaminaci\u00f3n lum\u00ednica del lugar lo convierte en un escenario ideal para admirar el cielo estrellado, complementando el misticismo del paseo nocturno.<\/p>\n<p>As\u00ed, esta oferta se convierte en una experiencia inolvidable para quienes buscan combinar aventura, historia y contemplaci\u00f3n bajo el cielo sanjuanino.<\/p>\n<p>Cabe destacar que\u00a0los cupos son limitados\u00a0y que se recomienda llevar abrigo, calzado c\u00f3modo y agua, ya que las temperaturas pueden bajar considerablemente por la noche, adem\u00e1s de seguir las indicaciones de los gu\u00edas para disfrutar del circuito de forma segura.<\/p>\n<p>Para conocer otras propuestas de verano en San Juan, la informaci\u00f3n est\u00e1 disponible en www.sanjuan.tur.ar. Tambi\u00e9n se pueden hacer consultas por WhatsApp al +54 9 2645 63-9978.<\/p>\n<p><img loading=\"lazy\" decoding=\"async\" class=\"alignnone size-large wp-image-20848\" src=\"https:\/\/vocesparalelas.com.ar\/sitio\/wp-content\/uploads\/2019\/05\/ISCHIGUALASTO-800x450.jpg\" alt=\"\" width=\"800\" height=\"450\" srcset=\"https:\/\/vocesparalelas.com.ar\/sitio\/wp-content\/uploads\/2019\/05\/ISCHIGUALASTO-800x450.jpg 800w, https:\/\/vocesparalelas.com.ar\/sitio\/wp-content\/uploads\/2019\/05\/ISCHIGUALASTO-300x169.jpg 300w, https:\/\/vocesparalelas.com.ar\/sitio\/wp-content\/uploads\/2019\/05\/ISCHIGUALASTO-768x432.jpg 768w, https:\/\/vocesparalelas.com.ar\/sitio\/wp-content\/uploads\/2019\/05\/ISCHIGUALASTO.jpg 1024w\" sizes=\"auto, (max-width: 800px) 100vw, 800px\" \/><\/p>\n<p>&nbsp;<\/p>\n","protected":false},"excerpt":{"rendered":"<p>El Parque Provincial Ischigualasto, Departamento Valle F\u00e9rtil, Provincia San Juan, Rep\u00fablica Argentina,\u00a0 ofrece una de las experiencias m\u00e1s fascinantes y<\/p>\n","protected":false},"author":3,"featured_media":2951,"comment_status":"closed","ping_status":"closed","sticky":false,"template":"","format":"standard","meta":{"_acf_changed":false,"_seopress_robots_primary_cat":"none","_seopress_titles_title":"","_seopress_titles_desc":"","_seopress_robots_index":"","colormag_page_container_layout":"default_layout","colormag_page_sidebar_layout":"default_layout","footnotes":""},"categories":[20],"tags":[],"class_list":["post-81357","post","type-post","status-publish","format-standard","has-post-thumbnail","hentry","category-cartelera"],"acf":[],"_links":{"self":[{"href":"https:\/\/vocesparalelas.com.ar\/sitio\/wp-json\/wp\/v2\/posts\/81357","targetHints":{"allow":["GET"]}}],"collection":[{"href":"https:\/\/vocesparalelas.com.ar\/sitio\/wp-json\/wp\/v2\/posts"}],"about":[{"href":"https:\/\/vocesparalelas.com.ar\/sitio\/wp-json\/wp\/v2\/types\/post"}],"author":[{"embeddable":true,"href":"https:\/\/vocesparalelas.com.ar\/sitio\/wp-json\/wp\/v2\/users\/3"}],"replies":[{"embeddable":true,"href":"https:\/\/vocesparalelas.com.ar\/sitio\/wp-json\/wp\/v2\/comments?post=81357"}],"version-history":[{"count":4,"href":"https:\/\/vocesparalelas.com.ar\/sitio\/wp-json\/wp\/v2\/posts\/81357\/revisions"}],"predecessor-version":[{"id":81364,"href":"https:\/\/vocesparalelas.com.ar\/sitio\/wp-json\/wp\/v2\/posts\/81357\/revisions\/81364"}],"wp:featuredmedia":[{"embeddable":true,"href":"https:\/\/vocesparalelas.com.ar\/sitio\/wp-json\/wp\/v2\/media\/2951"}],"wp:attachment":[{"href":"https:\/\/vocesparalelas.com.ar\/sitio\/wp-json\/wp\/v2\/media?parent=81357"}],"wp:term":[{"taxonomy":"category","embeddable":true,"href":"https:\/\/vocesparalelas.com.ar\/sitio\/wp-json\/wp\/v2\/categories?post=81357"},{"taxonomy":"post_tag","embeddable":true,"href":"https:\/\/vocesparalelas.com.ar\/sitio\/wp-json\/wp\/v2\/tags?post=81357"}],"curies":[{"name":"wp","href":"https:\/\/api.w.org\/{rel}","templated":true}]}}