{"id":81351,"date":"2025-01-09T14:05:12","date_gmt":"2025-01-09T17:05:12","guid":{"rendered":"https:\/\/vocesparalelas.com.ar\/sitio\/?p=81351"},"modified":"2025-01-11T00:51:38","modified_gmt":"2025-01-11T03:51:38","slug":"tutorias-del-plan-fines-verano-2025-en-san-juan","status":"publish","type":"post","link":"https:\/\/vocesparalelas.com.ar\/sitio\/tutorias-del-plan-fines-verano-2025-en-san-juan\/","title":{"rendered":"Tutor\u00edas del Plan FinEs Verano 2025 en San Juan"},"content":{"rendered":"<p>El Ministerio de Educaci\u00f3n del Gobierno de San Juan informa que comienza con las tutor\u00edas del Plan FinEs Verano 2025, a partir del 15 de Enero, destinada exclusivamente a estudiantes que adeudan algunas materias.<\/p>\n<p>Luego, del proceso de inscripci\u00f3n para FinEs Verano 2025, el cual se desarroll\u00f3 en Diciembre 2024, el siguiente paso se brindar las tutor\u00edas a los alumnos que terminaron de cursar el secundario y que a\u00fan adeudan materias.<\/p>\n<p>Aquellos estudiantes que fueron validados en la inscripci\u00f3n reciben por correo electr\u00f3nico la informaci\u00f3n con el establecimiento en el que deben presentarse para las tutor\u00edas, como tambi\u00e9n, el horario. Esto sucede hasta el 14 de Enero de 2025, inclusive.<\/p>\n<p>A su vez, luego los alumnos tienen que llevar fotocopia del DNI y el certificado de materias adeudadas.<\/p>\n<p>Por su parte, la ministra de Educaci\u00f3n, Lic. Silvia Fuentes destac\u00f3 que \u00abla importancia de seguir acercando oportunidades educativas, como poder terminar la secundaria, agilizando los programas de Naci\u00f3n\u00bb.<\/p>\n<p>Las clases del Plan FinEs Verano 2025 se dictan a partir del 15 de Enero y se extienden hasta el 15 de Febrero del 2025.<\/p>\n<p>Por otro lado, el Ministerio de Educaci\u00f3n informa que hubo una depuraci\u00f3n en el registro, ya que incluso se anotaron personas de otras provincias, por lo que recomienda a quienes se inscribieron y cumplieron con los requisitos revisar la bandeja de entrada del correo electr\u00f3nico. S\u00f3lo pueden acceder a las tutor\u00edas los estudiantes que recibieron el mensaje de validaci\u00f3n.<\/p>\n<p><img loading=\"lazy\" decoding=\"async\" class=\"alignnone size-full wp-image-28629\" src=\"https:\/\/vocesparalelas.com.ar\/sitio\/wp-content\/uploads\/2020\/05\/MINISTERIO-EDUCACION-SJ.jpg\" alt=\"\" width=\"800\" height=\"533\" srcset=\"https:\/\/vocesparalelas.com.ar\/sitio\/wp-content\/uploads\/2020\/05\/MINISTERIO-EDUCACION-SJ.jpg 800w, https:\/\/vocesparalelas.com.ar\/sitio\/wp-content\/uploads\/2020\/05\/MINISTERIO-EDUCACION-SJ-300x200.jpg 300w, https:\/\/vocesparalelas.com.ar\/sitio\/wp-content\/uploads\/2020\/05\/MINISTERIO-EDUCACION-SJ-768x512.jpg 768w\" sizes=\"auto, (max-width: 800px) 100vw, 800px\" \/><\/p>\n","protected":false},"excerpt":{"rendered":"<p>El Ministerio de Educaci\u00f3n del Gobierno de San Juan informa que comienza con las tutor\u00edas del Plan FinEs Verano 2025,<\/p>\n","protected":false},"author":3,"featured_media":63474,"comment_status":"closed","ping_status":"closed","sticky":false,"template":"","format":"standard","meta":{"_acf_changed":false,"_seopress_robots_primary_cat":"none","_seopress_titles_title":"","_seopress_titles_desc":"","_seopress_robots_index":"","colormag_page_container_layout":"default_layout","colormag_page_sidebar_layout":"default_layout","footnotes":""},"categories":[5],"tags":[],"class_list":["post-81351","post","type-post","status-publish","format-standard","has-post-thumbnail","hentry","category-ofrecimientos"],"acf":[],"_links":{"self":[{"href":"https:\/\/vocesparalelas.com.ar\/sitio\/wp-json\/wp\/v2\/posts\/81351","targetHints":{"allow":["GET"]}}],"collection":[{"href":"https:\/\/vocesparalelas.com.ar\/sitio\/wp-json\/wp\/v2\/posts"}],"about":[{"href":"https:\/\/vocesparalelas.com.ar\/sitio\/wp-json\/wp\/v2\/types\/post"}],"author":[{"embeddable":true,"href":"https:\/\/vocesparalelas.com.ar\/sitio\/wp-json\/wp\/v2\/users\/3"}],"replies":[{"embeddable":true,"href":"https:\/\/vocesparalelas.com.ar\/sitio\/wp-json\/wp\/v2\/comments?post=81351"}],"version-history":[{"count":3,"href":"https:\/\/vocesparalelas.com.ar\/sitio\/wp-json\/wp\/v2\/posts\/81351\/revisions"}],"predecessor-version":[{"id":81356,"href":"https:\/\/vocesparalelas.com.ar\/sitio\/wp-json\/wp\/v2\/posts\/81351\/revisions\/81356"}],"wp:featuredmedia":[{"embeddable":true,"href":"https:\/\/vocesparalelas.com.ar\/sitio\/wp-json\/wp\/v2\/media\/63474"}],"wp:attachment":[{"href":"https:\/\/vocesparalelas.com.ar\/sitio\/wp-json\/wp\/v2\/media?parent=81351"}],"wp:term":[{"taxonomy":"category","embeddable":true,"href":"https:\/\/vocesparalelas.com.ar\/sitio\/wp-json\/wp\/v2\/categories?post=81351"},{"taxonomy":"post_tag","embeddable":true,"href":"https:\/\/vocesparalelas.com.ar\/sitio\/wp-json\/wp\/v2\/tags?post=81351"}],"curies":[{"name":"wp","href":"https:\/\/api.w.org\/{rel}","templated":true}]}}