{"id":81346,"date":"2025-01-09T13:52:10","date_gmt":"2025-01-09T16:52:10","guid":{"rendered":"https:\/\/vocesparalelas.com.ar\/sitio\/?p=81346"},"modified":"2025-01-10T21:41:09","modified_gmt":"2025-01-11T00:41:09","slug":"proyecto-de-conectividad-san-juan-innova-con-conexion-satelital","status":"publish","type":"post","link":"https:\/\/vocesparalelas.com.ar\/sitio\/proyecto-de-conectividad-san-juan-innova-con-conexion-satelital\/","title":{"rendered":"Proyecto de\u00a0conectividad \u00abSan Juan INNOVA\u00bb con conexi\u00f3n satelital"},"content":{"rendered":"<p>En el marco del proyecto de\u00a0conectividad para San Juan, la empresa provincial de tecnolog\u00eda y telecomunicaciones,\u00a0San Juan INNOVA, dependiente del\u00a0Ministerio de Econom\u00eda, Finanzas y Hacienda, en colaboraci\u00f3n con el\u00a0Ministerio de Educaci\u00f3n, avanz\u00f3 en la conexi\u00f3n satelital en departamentos alejados al Gran San Juan, y con ello se logr\u00f3 el acceso a internet de calidad en establecimientos educativos.<\/p>\n<p>En este escenario, la instituci\u00f3n desempe\u00f1\u00f3 un papel fundamental en el proyecto para garantizar el acceso a internet, consider\u00e1ndolo un elemento clave para el funcionamiento de\u00a0aulas h\u00edbridas y escuelas rurales de dif\u00edcil acceso.<\/p>\n<p>Por eso, en 2024, la instituci\u00f3n dot\u00f3 de internet a aulas h\u00edbridas para que estudiantes que residen en los Departamentos Calingasta, J\u00e1chal, Iglesia y Valle F\u00e9rtil, tengan acceso a formaci\u00f3n acad\u00e9mica. De esta manera se foment\u00f3 la inclusi\u00f3n educativa y el desarrollo profesional en el sector minero.<\/p>\n<p><strong><span style=\"color: #ff6600;\">Instalaron kits de internet satelital en los establecimientos educativos<\/span><\/strong><\/p>\n<ul>\n<li>Escuela T\u00e9cnica General Manuel Savio \u2013 Calingasta.<\/li>\n<li>Escuela Agrot\u00e9cnica Ej\u00e9rcito Argentino \u2013 Valle F\u00e9rtil.<\/li>\n<li>E.P.E.T N\u00b0 1 \u2013 J\u00e1chal.<\/li>\n<li>Escuela Agrot\u00e9cnica Cornelio Saavedra \u2013 Iglesia.<\/li>\n<\/ul>\n<p><span style=\"color: #ff6600;\"><strong>Conectividad proporcionada<\/strong><\/span><\/p>\n<ul>\n<li>Clases en tiempo real: integraci\u00f3n de estudiantes locales con docentes e instituciones acad\u00e9micas ubicadas en otras \u00e1reas de la provincia o el pa\u00eds.<\/li>\n<li>Acceso a contenidos digitales: ampliaci\u00f3n de las herramientas y recursos educativos disponibles para los estudiantes.<\/li>\n<\/ul>\n<p>El\u00a0Proyecto Aulas H\u00edbridas de Miner\u00eda\u00a0es un paso importante hacia la democratizaci\u00f3n de la educaci\u00f3n t\u00e9cnica en San Juan, asegurando que las comunidades m\u00e1s remotas tambi\u00e9n se beneficien de las oportunidades que ofrece la conectividad.<\/p>\n<p>Por otro lado, la empresa provincial tambi\u00e9n proporcion\u00f3 soluciones de conectividad mediante\u00a0internet satelital en escuelas rurales de dif\u00edcil acceso, donde otras alternativas de conexi\u00f3n no son viables.<\/p>\n<p>De esta manera, se priorizaron instituciones educativas ubicadas en \u00e1reas remotas, dot\u00e1ndolas de acceso a internet estable y de calidad. Esto ha permitido:<\/p>\n<ul>\n<li>Facilitar el aprendizaje interactivo y el uso de plataformas educativas.<\/li>\n<li>Asegurar la comunicaci\u00f3n entre las escuelas y organismos educativos provinciales.<\/li>\n<li>Proporcionar acceso a recursos digitales para estudiantes y docentes.<\/li>\n<\/ul>\n<p><strong><span style=\"color: #ff6600;\">Escuelas que actualmente cuentan con el servicio:<\/span><\/strong><\/p>\n<ul>\n<li>Escuela Albergue Casa Del Ni\u00f1o &#8211; Valle F\u00e9rtil &#8211; Starlink<\/li>\n<li>Escuela Manuel Alberti &#8211; Iglesia &#8211; Starlink<\/li>\n<li>Escuela Burchardo &#8211; Mogna &#8211; J\u00e1chal &#8211; Starlink<\/li>\n<li>Albergue Provincia De San Luis &#8211; (Las Trancas) &#8211; 25 De Mayo &#8211; Starlink<\/li>\n<li>Reconquista De Bs. As. &#8211; Starlink<\/li>\n<li>Casas Viejas &#8211; (Bermejo) &#8211; Caucete &#8211; Starlink<\/li>\n<li>Fragata Presidente Sarmiento &#8211; Valle F\u00e9rtil &#8211; Starlink<\/li>\n<li>Miguel Can\u00e9 H. &#8211; Iglesia &#8211; Starlink<\/li>\n<li>De La Patria &#8211; Valle F\u00e9rtil &#8211; Starlink<\/li>\n<li>Buonaventura Collado &#8211; Valle F\u00e9rtil &#8211; Orbith<\/li>\n<li>Hernando De Magallanes &#8211; Valle F\u00e9rtil &#8211; Orbith<\/li>\n<li>Albergue Marcos G\u00f3mez Narvaez &#8211; Valle F\u00e9rtil &#8211; Orbith<\/li>\n<li>Onofre Illanes &#8211; J\u00e1chal &#8211; Orbith<\/li>\n<li>Albergue Paso De Los Andes &#8211; Iglesia \u2013 Orbith<\/li>\n<\/ul>\n<p><span style=\"color: #ff6600;\"><strong>Conexi\u00f3n provisoria en escuelas de Iglesia<\/strong><\/span><\/p>\n<p>En agosto de 2024, ante la suspensi\u00f3n inesperada del servicio de internet por parte del proveedor local en el departamento de Iglesia, San Juan Innova tom\u00f3 acci\u00f3n inmediata para garantizar la continuidad educativa y administrativa en las escuelas de la zona.<\/p>\n<p><strong><span style=\"color: #ff6600;\">Acciones realizadas<\/span><\/strong><\/p>\n<ul>\n<li>Instalaci\u00f3n provisional: se equiparon 17 escuelas con kits de internet satelital, asegurando conectividad temporal mientras se completaban las obras de la red GPON en el departamento.<\/li>\n<li>Soluci\u00f3n definitiva: una vez finalizada la red de fibra \u00f3ptica, los establecimientos fueron migrados a una conexi\u00f3n estable y de mayor capacidad.<\/li>\n<\/ul>\n<p>San Juan Innova tiene como objeto promover la conectividad y la inclusi\u00f3n digital de todos los habitantes de la Provincia de San Juan, desarrollando las actividades previstas en el art\u00edculo 4\u00ba de su Estatuto, con vistas a un crecimiento de econom\u00edas locales y mayor cobertura de internet en toda la provincia.<\/p>\n<p><img loading=\"lazy\" decoding=\"async\" class=\"alignnone size-full wp-image-65642\" src=\"https:\/\/vocesparalelas.com.ar\/sitio\/wp-content\/uploads\/2023\/11\/GOBIERNO-SAN-JUAN.jpg\" alt=\"\" width=\"800\" height=\"600\" srcset=\"https:\/\/vocesparalelas.com.ar\/sitio\/wp-content\/uploads\/2023\/11\/GOBIERNO-SAN-JUAN.jpg 800w, https:\/\/vocesparalelas.com.ar\/sitio\/wp-content\/uploads\/2023\/11\/GOBIERNO-SAN-JUAN-300x225.jpg 300w, https:\/\/vocesparalelas.com.ar\/sitio\/wp-content\/uploads\/2023\/11\/GOBIERNO-SAN-JUAN-768x576.jpg 768w\" sizes=\"auto, (max-width: 800px) 100vw, 800px\" \/><\/p>\n","protected":false},"excerpt":{"rendered":"<p>En el marco del proyecto de\u00a0conectividad para San Juan, la empresa provincial de tecnolog\u00eda y telecomunicaciones,\u00a0San Juan INNOVA, dependiente del\u00a0Ministerio<\/p>\n","protected":false},"author":3,"featured_media":81349,"comment_status":"closed","ping_status":"closed","sticky":false,"template":"","format":"standard","meta":{"_acf_changed":false,"_seopress_robots_primary_cat":"none","_seopress_titles_title":"","_seopress_titles_desc":"","_seopress_robots_index":"","colormag_page_container_layout":"default_layout","colormag_page_sidebar_layout":"default_layout","footnotes":""},"categories":[5],"tags":[],"class_list":["post-81346","post","type-post","status-publish","format-standard","has-post-thumbnail","hentry","category-ofrecimientos"],"acf":[],"_links":{"self":[{"href":"https:\/\/vocesparalelas.com.ar\/sitio\/wp-json\/wp\/v2\/posts\/81346","targetHints":{"allow":["GET"]}}],"collection":[{"href":"https:\/\/vocesparalelas.com.ar\/sitio\/wp-json\/wp\/v2\/posts"}],"about":[{"href":"https:\/\/vocesparalelas.com.ar\/sitio\/wp-json\/wp\/v2\/types\/post"}],"author":[{"embeddable":true,"href":"https:\/\/vocesparalelas.com.ar\/sitio\/wp-json\/wp\/v2\/users\/3"}],"replies":[{"embeddable":true,"href":"https:\/\/vocesparalelas.com.ar\/sitio\/wp-json\/wp\/v2\/comments?post=81346"}],"version-history":[{"count":1,"href":"https:\/\/vocesparalelas.com.ar\/sitio\/wp-json\/wp\/v2\/posts\/81346\/revisions"}],"predecessor-version":[{"id":81350,"href":"https:\/\/vocesparalelas.com.ar\/sitio\/wp-json\/wp\/v2\/posts\/81346\/revisions\/81350"}],"wp:featuredmedia":[{"embeddable":true,"href":"https:\/\/vocesparalelas.com.ar\/sitio\/wp-json\/wp\/v2\/media\/81349"}],"wp:attachment":[{"href":"https:\/\/vocesparalelas.com.ar\/sitio\/wp-json\/wp\/v2\/media?parent=81346"}],"wp:term":[{"taxonomy":"category","embeddable":true,"href":"https:\/\/vocesparalelas.com.ar\/sitio\/wp-json\/wp\/v2\/categories?post=81346"},{"taxonomy":"post_tag","embeddable":true,"href":"https:\/\/vocesparalelas.com.ar\/sitio\/wp-json\/wp\/v2\/tags?post=81346"}],"curies":[{"name":"wp","href":"https:\/\/api.w.org\/{rel}","templated":true}]}}