{"id":81342,"date":"2025-01-09T13:22:30","date_gmt":"2025-01-09T16:22:30","guid":{"rendered":"https:\/\/vocesparalelas.com.ar\/sitio\/?p=81342"},"modified":"2025-01-09T13:24:28","modified_gmt":"2025-01-09T16:24:28","slug":"primera-sesion-extraordinaria-de-la-camara-de-diputados-de-san-juan-2","status":"publish","type":"post","link":"https:\/\/vocesparalelas.com.ar\/sitio\/primera-sesion-extraordinaria-de-la-camara-de-diputados-de-san-juan-2\/","title":{"rendered":"Primera Sesi\u00f3n Extraordinaria de la C\u00e1mara de Diputados de San Juan"},"content":{"rendered":"<p>El Jueves, 9 de Enero de 2025, los diputados integrantes de la Comisi\u00f3n Permanente se reunieron para definir el temario de la Primera Sesi\u00f3n Extraordinaria, que se desarrolla el Viernes, 10 de Enero, a las 10 horas.<\/p>\n<p>La cita fue cumplida en el cuarto piso del edificio Anexo del Poder Legislativo. Estuvo presidido por el vicepresidente primero de la C\u00e1mara de Diputados, legislador Enzo Cornejo y acompa\u00f1aron el secretario Legislativo, Dr. Gustavo Velert; los diputados Gustavo Us\u00edn, Carlos Jaime Quiroga, Gustavo N\u00fa\u00f1ez, M\u00f3nica Gonz\u00e1lez, Mario Herrero, Emilio Escudero, Sonia Ferreyra, Miguel Atampiz y el diputado Dr. Juan de la Cruz C\u00f3rdoba.<\/p>\n<p>En la sesi\u00f3n, el cuerpo legislativo deber\u00e1 poner a consideraci\u00f3n la renuncia a la diputaci\u00f3n en la C\u00e1mara de Diputados de Florencia Pe\u00f1aloza, quien continuar\u00e1 al frente de la Defensor\u00eda del Pueblo, ya que rechaz\u00f3 el puesto que qued\u00f3 vacante tras el fallecimiento del legislador Horacio Quiroga.<\/p>\n<p>En su lugar, asume Federico Rizo y para ello, la C\u00e1mara debe aprobar el t\u00edtulo y certificado de la Secretar\u00eda Electoral Provincial y tomar juramento para que el diputado electo pueda ocupar su banca. <strong>\u00a0<\/strong><\/p>\n<p>Por otra parte, la Legislatura somete a votaci\u00f3n un Proyecto de Ley presentado por el interbloque Cambia San Juan que propone modificar las Leyes N\u00ba 2330-I y N\u00ba 151-I, Ley Impositiva Anual y C\u00f3digo Tributario de la Provincia, respectivamente, ya que se han advertido omisiones involuntarias que se refieren a remisiones externas y unidades tributarias espec\u00edficas.<\/p>\n<p><span style=\"color: #666699;\"><strong>Proyectos que tomar\u00e1n estado parlamentario<\/strong><\/span><\/p>\n<p>Adem\u00e1s, ingresar\u00e1n a comisiones las siguientes comunicaciones oficiales presentadas por:<\/p>\n<ul>\n<li>Consejo de la Magistratura, por la que se eleva ternas vacantes para cubrir cargos de Juez de Primera Instancia y Fiscal de Primera Instancia. (Comisi\u00f3n: Justicia)<\/li>\n<li>Poder Ejecutivo, por la que se env\u00eda para su aprobaci\u00f3n el convenio Marco de Colaboraci\u00f3n entre el Gobierno Provincial de San Juan y la Municipalidad de San Juan, en el marco de la planificaci\u00f3n estrat\u00e9gica provincial. (Comisiones: Legislaci\u00f3n y Asuntos Constitucionales- LAC-\/ Educaci\u00f3n)<\/li>\n<li>Poder Ejecutivo, mediante mensaje n\u00ba1, por la que se env\u00eda para su aprobaci\u00f3n el Acta Acuerdo de Veranadas temporada 2024-2025, suscripto entre el Gobierno de San Juan y el gobierno de Regional de Coquimbo- Chile. (Comisiones: LAC\/ Agricultura\/ Hacienda)<\/li>\n<\/ul>\n<p>Tambi\u00e9n, el cuerpo parlamentario tomar\u00e1 conocimiento de una comunicaci\u00f3n particular presentada por el Foro de Abogados por la que se presenta rectificaci\u00f3n sobre el expediente 3540-2024.<\/p>\n<p>Por \u00faltimo, tomar\u00e1 estado parlamentario un proyecto de Ley presentado por la diputada Stella Caparr\u00f3s que propone incorporar la problem\u00e1tica Grooming en las pautas publicitarias de concientizaci\u00f3n en la provincia. (Comisiones: LAC\/ Educaci\u00f3n).<\/p>\n<figure id=\"attachment_37951\" aria-describedby=\"caption-attachment-37951\" style=\"width: 800px\" class=\"wp-caption alignnone\"><img loading=\"lazy\" decoding=\"async\" class=\"size-full wp-image-37951\" src=\"https:\/\/vocesparalelas.com.ar\/sitio\/wp-content\/uploads\/2021\/05\/CAMARA-EDIFICIO.jpg\" alt=\"\" width=\"800\" height=\"515\" srcset=\"https:\/\/vocesparalelas.com.ar\/sitio\/wp-content\/uploads\/2021\/05\/CAMARA-EDIFICIO.jpg 800w, https:\/\/vocesparalelas.com.ar\/sitio\/wp-content\/uploads\/2021\/05\/CAMARA-EDIFICIO-300x193.jpg 300w, https:\/\/vocesparalelas.com.ar\/sitio\/wp-content\/uploads\/2021\/05\/CAMARA-EDIFICIO-768x494.jpg 768w\" sizes=\"auto, (max-width: 800px) 100vw, 800px\" \/><figcaption id=\"caption-attachment-37951\" class=\"wp-caption-text\">Legislatura Provincial de San Juan, Rep\u00fablica Argentina<\/figcaption><\/figure>\n","protected":false},"excerpt":{"rendered":"<p>El Jueves, 9 de Enero de 2025, los diputados integrantes de la Comisi\u00f3n Permanente se reunieron para definir el temario<\/p>\n","protected":false},"author":3,"featured_media":8062,"comment_status":"closed","ping_status":"closed","sticky":false,"template":"","format":"standard","meta":{"_acf_changed":false,"_seopress_robots_primary_cat":"none","_seopress_titles_title":"","_seopress_titles_desc":"","_seopress_robots_index":"","colormag_page_container_layout":"default_layout","colormag_page_sidebar_layout":"default_layout","footnotes":""},"categories":[1],"tags":[],"class_list":["post-81342","post","type-post","status-publish","format-standard","has-post-thumbnail","hentry","category-destacadas"],"acf":[],"_links":{"self":[{"href":"https:\/\/vocesparalelas.com.ar\/sitio\/wp-json\/wp\/v2\/posts\/81342","targetHints":{"allow":["GET"]}}],"collection":[{"href":"https:\/\/vocesparalelas.com.ar\/sitio\/wp-json\/wp\/v2\/posts"}],"about":[{"href":"https:\/\/vocesparalelas.com.ar\/sitio\/wp-json\/wp\/v2\/types\/post"}],"author":[{"embeddable":true,"href":"https:\/\/vocesparalelas.com.ar\/sitio\/wp-json\/wp\/v2\/users\/3"}],"replies":[{"embeddable":true,"href":"https:\/\/vocesparalelas.com.ar\/sitio\/wp-json\/wp\/v2\/comments?post=81342"}],"version-history":[{"count":1,"href":"https:\/\/vocesparalelas.com.ar\/sitio\/wp-json\/wp\/v2\/posts\/81342\/revisions"}],"predecessor-version":[{"id":81345,"href":"https:\/\/vocesparalelas.com.ar\/sitio\/wp-json\/wp\/v2\/posts\/81342\/revisions\/81345"}],"wp:featuredmedia":[{"embeddable":true,"href":"https:\/\/vocesparalelas.com.ar\/sitio\/wp-json\/wp\/v2\/media\/8062"}],"wp:attachment":[{"href":"https:\/\/vocesparalelas.com.ar\/sitio\/wp-json\/wp\/v2\/media?parent=81342"}],"wp:term":[{"taxonomy":"category","embeddable":true,"href":"https:\/\/vocesparalelas.com.ar\/sitio\/wp-json\/wp\/v2\/categories?post=81342"},{"taxonomy":"post_tag","embeddable":true,"href":"https:\/\/vocesparalelas.com.ar\/sitio\/wp-json\/wp\/v2\/tags?post=81342"}],"curies":[{"name":"wp","href":"https:\/\/api.w.org\/{rel}","templated":true}]}}